{"id":10007,"date":"2025-06-17T17:43:52","date_gmt":"2025-06-17T16:43:52","guid":{"rendered":"https:\/\/mitue.de\/?p=10007"},"modified":"2025-06-17T17:43:52","modified_gmt":"2025-06-17T16:43:52","slug":"der-engel-der-geschichte","status":"publish","type":"post","link":"https:\/\/mitue.de\/?p=10007","title":{"rendered":"Der Engel der Geschichte"},"content":{"rendered":"<p>Der Engel der Geschichte<br \/>\n<a href=\"https:\/\/www.rbb-online.de\/rbbkultur-magazin\/archiv\/20250510_1830\/sonderschau-bode-museum-werk-angelus-novus-engel-der-geschichte-kuenstler-paul-klee-walter-benjamin-krieg-nazideutschland.html\">Eine Ausstellung im Bode-Museum<\/a><\/p>\n<p><a href=\"https:\/\/www.flickr.com\/photos\/mitue\/54596242343\/in\/dateposted\/\" title=\"20250617 03\"><img loading=\"lazy\" decoding=\"async\" src=\"https:\/\/live.staticflickr.com\/65535\/54596242343_4059ffdc1a.jpg\" width=\"500\" height=\"500\" alt=\"20250617 03\"\/><\/a><\/p>\n<blockquote><p>Es gibt ein Bild von Klee, das Angelus Novus heisst. Ein Engel ist darauf dargestellt, der aussieht als w\u00e4re er im Begriff, sich von etwas zu entfernen worauf er starrt. Seine Augen sind aufgerissen, sein Mund steht offen und seine Fl\u00fcgel sind ausgespannt. Der Engel der Geschichte muss so aussehen. Er hat das Antlitz der Vergangenheit zugewendet. Wo eine Kette von Begebenheiten vor uns erscheint, da sieht er eine einzige Katastrophe, die unabl\u00e4ssig Tr\u00fcmmer auf Tr\u00fcmmer h\u00e4uft und sie ihm vor die F\u00fcsse schleudert. Er m\u00f6chte wohl verweilen, die Toten wecken, und das Zerschlagene zusammenf\u00fcgen. Aber ein Sturm weht vom Paradiese her, der sich in seinen Fl\u00fcgeln verfangen hat und so stark ist, dass der Engel sie nicht mehr schliessen kann. Dieser Sturm treibt ihn unaufhaltsam in die Zukunft, der er den R\u00fccken kehrt, w\u00e4hrend der Tr\u00fcmmerhaufen vor ihm zum Himmel w\u00e4chst. Das, was wir den Fortschritt nennen, ist dieser Sturm.<br \/>\n(Walter Benjamin, \u00bb\u00dcber den Begriff der Geschichte\u00ab) <\/p><\/blockquote>\n<p><a href=\"https:\/\/www.flickr.com\/photos\/mitue\/54596218579\/in\/dateposted\/\" title=\"20250617 05\"><img loading=\"lazy\" decoding=\"async\" src=\"https:\/\/live.staticflickr.com\/65535\/54596218579_7473e4c3fe.jpg\" width=\"500\" height=\"486\" alt=\"20250617 05\"\/><\/a><\/p>\n","protected":false},"excerpt":{"rendered":"<p>Der Engel der Geschichte Eine Ausstellung im Bode-Museum Es gibt ein Bild von Klee, das Angelus Novus heisst. Ein Engel ist darauf dargestellt, der aussieht als w\u00e4re er im Begriff, sich von etwas zu entfernen worauf er starrt. Seine Augen sind aufgerissen, sein Mund steht offen und seine Fl\u00fcgel sind ausgespannt. Der Engel der Geschichte [&hellip;]<\/p>\n","protected":false},"author":1,"featured_media":0,"comment_status":"open","ping_status":"closed","sticky":false,"template":"","format":"standard","meta":{"footnotes":""},"categories":[5],"tags":[248],"class_list":["post-10007","post","type-post","status-publish","format-standard","hentry","category-ausstellungen","tag-bodemuseum"],"_links":{"self":[{"href":"https:\/\/mitue.de\/index.php?rest_route=\/wp\/v2\/posts\/10007","targetHints":{"allow":["GET"]}}],"collection":[{"href":"https:\/\/mitue.de\/index.php?rest_route=\/wp\/v2\/posts"}],"about":[{"href":"https:\/\/mitue.de\/index.php?rest_route=\/wp\/v2\/types\/post"}],"author":[{"embeddable":true,"href":"https:\/\/mitue.de\/index.php?rest_route=\/wp\/v2\/users\/1"}],"replies":[{"embeddable":true,"href":"https:\/\/mitue.de\/index.php?rest_route=%2Fwp%2Fv2%2Fcomments&post=10007"}],"version-history":[{"count":3,"href":"https:\/\/mitue.de\/index.php?rest_route=\/wp\/v2\/posts\/10007\/revisions"}],"predecessor-version":[{"id":10010,"href":"https:\/\/mitue.de\/index.php?rest_route=\/wp\/v2\/posts\/10007\/revisions\/10010"}],"wp:attachment":[{"href":"https:\/\/mitue.de\/index.php?rest_route=%2Fwp%2Fv2%2Fmedia&parent=10007"}],"wp:term":[{"taxonomy":"category","embeddable":true,"href":"https:\/\/mitue.de\/index.php?rest_route=%2Fwp%2Fv2%2Fcategories&post=10007"},{"taxonomy":"post_tag","embeddable":true,"href":"https:\/\/mitue.de\/index.php?rest_route=%2Fwp%2Fv2%2Ftags&post=10007"}],"curies":[{"name":"wp","href":"https:\/\/api.w.org\/{rel}","templated":true}]}}