{"id":10064,"date":"2025-07-27T17:48:12","date_gmt":"2025-07-27T16:48:12","guid":{"rendered":"https:\/\/mitue.de\/?p=10064"},"modified":"2025-07-27T17:55:18","modified_gmt":"2025-07-27T16:55:18","slug":"prison-paintings","status":"publish","type":"post","link":"https:\/\/mitue.de\/?p=10064","title":{"rendered":"Prison Paintings"},"content":{"rendered":"<p>Das <a href=\"https:\/\/13.berlinbiennale.de\/de\/parcours\/ehemaliges-gerichtsgebaeude-lehrter-strasse\">ehemalige Gerichtsgeb\u00e4ude Lehrter Stra\u00dfe<\/a> steht seit 2012 leer und wird im Rahmen der 13. Berlin Biennale erstmals als Ort f\u00fcr zeitgen\u00f6ssische Kunst in Berlin zug\u00e4nglich gemacht. <\/p>\n<p><a href=\"https:\/\/www.flickr.com\/photos\/mitue\/54682331681\/in\/dateposted\/\" title=\"BB1\"><img loading=\"lazy\" decoding=\"async\" src=\"https:\/\/live.staticflickr.com\/65535\/54682331681_ec25eb3925.jpg\" width=\"500\" height=\"500\" alt=\"BB1\"\/><\/a><\/p>\n<p><a href=\"https:\/\/13.berlinbiennale.de\/de\/kuenstler-innen\/htein-lin\">Prison Paintings von Htein Lin<\/a><\/p>\n<p><a href=\"https:\/\/www.flickr.com\/photos\/mitue\/54679365582\/in\/dateposted\/\" title=\"Prison Paintings\"><img loading=\"lazy\" decoding=\"async\" src=\"https:\/\/live.staticflickr.com\/65535\/54679365582_1fb78bd7d2.jpg\" width=\"500\" height=\"500\" alt=\"Prison Paintings\"\/><\/a><\/p>\n<p><a href=\"https:\/\/www.flickr.com\/photos\/mitue\/54682563694\/in\/dateposted\/\" title=\"BB3\"><img loading=\"lazy\" decoding=\"async\" src=\"https:\/\/live.staticflickr.com\/65535\/54682563694_bd7722faef.jpg\" width=\"500\" height=\"500\" alt=\"BB3\"\/><\/a><\/p>\n","protected":false},"excerpt":{"rendered":"<p>Das ehemalige Gerichtsgeb\u00e4ude Lehrter Stra\u00dfe steht seit 2012 leer und wird im Rahmen der 13. Berlin Biennale erstmals als Ort f\u00fcr zeitgen\u00f6ssische Kunst in Berlin zug\u00e4nglich gemacht. Prison Paintings von Htein Lin<\/p>\n","protected":false},"author":1,"featured_media":0,"comment_status":"open","ping_status":"closed","sticky":false,"template":"","format":"standard","meta":{"footnotes":""},"categories":[5],"tags":[37],"class_list":["post-10064","post","type-post","status-publish","format-standard","hentry","category-ausstellungen","tag-berlin-biennale"],"_links":{"self":[{"href":"https:\/\/mitue.de\/index.php?rest_route=\/wp\/v2\/posts\/10064","targetHints":{"allow":["GET"]}}],"collection":[{"href":"https:\/\/mitue.de\/index.php?rest_route=\/wp\/v2\/posts"}],"about":[{"href":"https:\/\/mitue.de\/index.php?rest_route=\/wp\/v2\/types\/post"}],"author":[{"embeddable":true,"href":"https:\/\/mitue.de\/index.php?rest_route=\/wp\/v2\/users\/1"}],"replies":[{"embeddable":true,"href":"https:\/\/mitue.de\/index.php?rest_route=%2Fwp%2Fv2%2Fcomments&post=10064"}],"version-history":[{"count":3,"href":"https:\/\/mitue.de\/index.php?rest_route=\/wp\/v2\/posts\/10064\/revisions"}],"predecessor-version":[{"id":10067,"href":"https:\/\/mitue.de\/index.php?rest_route=\/wp\/v2\/posts\/10064\/revisions\/10067"}],"wp:attachment":[{"href":"https:\/\/mitue.de\/index.php?rest_route=%2Fwp%2Fv2%2Fmedia&parent=10064"}],"wp:term":[{"taxonomy":"category","embeddable":true,"href":"https:\/\/mitue.de\/index.php?rest_route=%2Fwp%2Fv2%2Fcategories&post=10064"},{"taxonomy":"post_tag","embeddable":true,"href":"https:\/\/mitue.de\/index.php?rest_route=%2Fwp%2Fv2%2Ftags&post=10064"}],"curies":[{"name":"wp","href":"https:\/\/api.w.org\/{rel}","templated":true}]}}