{"id":10090,"date":"2025-08-25T16:42:31","date_gmt":"2025-08-25T15:42:31","guid":{"rendered":"https:\/\/mitue.de\/?p=10090"},"modified":"2025-08-25T16:42:31","modified_gmt":"2025-08-25T15:42:31","slug":"skulpturenpfad-biangibudiburg","status":"publish","type":"post","link":"https:\/\/mitue.de\/?p=10090","title":{"rendered":"Skulpturenpfad Biangibudiburg"},"content":{"rendered":"<p><a href=\"https:\/\/www.flickr.com\/photos\/mitue\/54744057905\/in\/dateposted\/\" title=\"Lburg 032\"><img loading=\"lazy\" decoding=\"async\" src=\"https:\/\/live.staticflickr.com\/65535\/54744057905_cc1ffcf7a8.jpg\" width=\"500\" height=\"281\" alt=\"Lburg 032\"\/><\/a><br \/>\nBahnhof Bienenb\u00fcttel<\/p>\n<p><a href=\"https:\/\/lueneplaner.de\/rund-um-lueneburg\/skulpturenpfad-bienenbuettel\/\">Skulpturenpfad in Bienenb\u00fcttel<\/a>, ehemals <a href=\"https:\/\/de.wikipedia.org\/wiki\/Biangibudiburg\">Biangibudiburg<\/a>.<\/p>\n<p><a href=\"https:\/\/www.flickr.com\/photos\/mitue\/54744056230\/in\/dateposted\/\" title=\"Lburg 045\"><img loading=\"lazy\" decoding=\"async\" src=\"https:\/\/live.staticflickr.com\/65535\/54744056230_d6c64a8d12.jpg\" width=\"500\" height=\"333\" alt=\"Lburg 045\"\/><\/a><\/p>\n<p><a href=\"https:\/\/www.flickr.com\/photos\/mitue\/54743927814\/in\/dateposted\/\" title=\"Wegweiser 1\"><img loading=\"lazy\" decoding=\"async\" src=\"https:\/\/live.staticflickr.com\/65535\/54743927814_387339d112.jpg\" width=\"500\" height=\"333\" alt=\"Wegweiser 1\"\/><\/a><br \/>\n<a href=\"http:\/\/www.kunstraum-ilmenau.de\/index.php?id=35\">Rahel Schr\u00f6der<\/a> (Wegweiser 1)<\/p>\n<p><a href=\"https:\/\/www.flickr.com\/photos\/mitue\/54743923183\/in\/dateposted\/\" title=\"Ana Anonyma: Die Ilmenau\"><img loading=\"lazy\" decoding=\"async\" src=\"https:\/\/live.staticflickr.com\/65535\/54743923183_f9433a9723.jpg\" width=\"500\" height=\"333\" alt=\"Ana Anonyma: Die Ilmenau\"\/><\/a><br \/>\n<a href=\"https:\/\/astridclasen.de\">Astrid Clasen<\/a> (Die Ilmenau)<\/p>\n<p><a href=\"https:\/\/www.flickr.com\/photos\/mitue\/54743706011\/in\/dateposted\/\" title=\"\u00c4olsharfe\"><img loading=\"lazy\" decoding=\"async\" src=\"https:\/\/live.staticflickr.com\/65535\/54743706011_916791d454.jpg\" width=\"500\" height=\"333\" alt=\"\u00c4olsharfe\"\/><\/a><br \/>\n<a href=\"http:\/\/www.kunstraum-ilmenau.de\/index.php?id=32\">Jutta Kelm<\/a> (\u00c4olsharfe)<\/p>\n<p><a href=\"https:\/\/www.flickr.com\/photos\/mitue\/54744055280\/in\/dateposted\/\" title=\"Der Augenblick\"><img loading=\"lazy\" decoding=\"async\" src=\"https:\/\/live.staticflickr.com\/65535\/54744055280_5aabd0f84d.jpg\" width=\"500\" height=\"333\" alt=\"Der Augenblick\"\/><\/a><br \/>\n<a href=\"http:\/\/www.kunstraum-ilmenau.de\/index.php?id=22\">Thomas Friedrich Glink<\/a> (Der Augenblick)<\/p>\n","protected":false},"excerpt":{"rendered":"<p>Bahnhof Bienenb\u00fcttel Skulpturenpfad in Bienenb\u00fcttel, ehemals Biangibudiburg. Rahel Schr\u00f6der (Wegweiser 1) Astrid Clasen (Die Ilmenau) Jutta Kelm (\u00c4olsharfe) Thomas Friedrich Glink (Der Augenblick)<\/p>\n","protected":false},"author":1,"featured_media":0,"comment_status":"open","ping_status":"closed","sticky":false,"template":"","format":"standard","meta":{"footnotes":""},"categories":[7],"tags":[],"class_list":["post-10090","post","type-post","status-publish","format-standard","hentry","category-jwd"],"_links":{"self":[{"href":"https:\/\/mitue.de\/index.php?rest_route=\/wp\/v2\/posts\/10090","targetHints":{"allow":["GET"]}}],"collection":[{"href":"https:\/\/mitue.de\/index.php?rest_route=\/wp\/v2\/posts"}],"about":[{"href":"https:\/\/mitue.de\/index.php?rest_route=\/wp\/v2\/types\/post"}],"author":[{"embeddable":true,"href":"https:\/\/mitue.de\/index.php?rest_route=\/wp\/v2\/users\/1"}],"replies":[{"embeddable":true,"href":"https:\/\/mitue.de\/index.php?rest_route=%2Fwp%2Fv2%2Fcomments&post=10090"}],"version-history":[{"count":6,"href":"https:\/\/mitue.de\/index.php?rest_route=\/wp\/v2\/posts\/10090\/revisions"}],"predecessor-version":[{"id":10096,"href":"https:\/\/mitue.de\/index.php?rest_route=\/wp\/v2\/posts\/10090\/revisions\/10096"}],"wp:attachment":[{"href":"https:\/\/mitue.de\/index.php?rest_route=%2Fwp%2Fv2%2Fmedia&parent=10090"}],"wp:term":[{"taxonomy":"category","embeddable":true,"href":"https:\/\/mitue.de\/index.php?rest_route=%2Fwp%2Fv2%2Fcategories&post=10090"},{"taxonomy":"post_tag","embeddable":true,"href":"https:\/\/mitue.de\/index.php?rest_route=%2Fwp%2Fv2%2Ftags&post=10090"}],"curies":[{"name":"wp","href":"https:\/\/api.w.org\/{rel}","templated":true}]}}