{"id":10133,"date":"2025-10-12T09:45:45","date_gmt":"2025-10-12T08:45:45","guid":{"rendered":"https:\/\/mitue.de\/?p=10133"},"modified":"2025-10-12T09:45:45","modified_gmt":"2025-10-12T08:45:45","slug":"herbst-3","status":"publish","type":"post","link":"https:\/\/mitue.de\/?p=10133","title":{"rendered":"HERBST"},"content":{"rendered":"<p>10 Jahre lang hat Ruprecht von Kaufmann keine Werke mehr in Berlin gezeigt. I<a href=\"https:\/\/berlinartweek.de\/artikel\/ruprecht-von-kaufmann\/\">m Herbst kehrt er zur\u00fcck.<\/a> <\/p>\n<p><a href=\"https:\/\/www.flickr.com\/photos\/mitue\/54847623468\/in\/dateposted\/\" title=\"20251011 08\"><img loading=\"lazy\" decoding=\"async\" src=\"https:\/\/live.staticflickr.com\/65535\/54847623468_89616427e5.jpg\" width=\"500\" height=\"344\" alt=\"20251011 08\"\/><\/a><br \/>\nHerbstabend<\/p>\n<blockquote><p>Das Haus am L\u00fctzowplatz (HaL) zeigt als Partner der Berlin Art Week 2025 die Einzelausstellung HERBST von <a href=\"https:\/\/www.rvonkaufmann.com\/news\">Ruprecht von Kaufmann<\/a>. Speziell f\u00fcr die R\u00e4ume des Kunstvereins konzipiert, umfasst sie bis auf eine Ausnahme ausschlie\u00dflich Arbeiten, die seit Ende 2024 entstanden sind. Unter Bezugnahme auf Werke von Otto Dix (1891-1969) verschr\u00e4nkt von Kaufmann unsere Gegenwart mit den politischen und gesellschaftlichen Ph\u00e4nomenen der Weimarer Republik vor einhundert Jahren. Die Parallelen sind zahlreich und oft beunruhigend: Erneut befinden wir uns in einer Zeit gro\u00dfer Umbr\u00fcche, gepr\u00e4gt von wirtschaftlichen und politischen Krisen, dem Wiedererstarken rechtspopulistischer Kr\u00e4fte und einer wachsenden Bedrohung durch einen Krieg in Europa. Ruprecht von Kaufmann malt unsere Gesellschaft am Rande einer neuen Zeit.<\/p><\/blockquote>\n<p><a href=\"https:\/\/www.flickr.com\/photos\/mitue\/54847368241\/in\/dateposted\/\" title=\"20251011 09\"><img loading=\"lazy\" decoding=\"async\" src=\"https:\/\/live.staticflickr.com\/65535\/54847368241_2ea2584bc1.jpg\" width=\"500\" height=\"236\" alt=\"20251011 09\"\/><\/a><br \/>\nHauptstadt<\/p>\n<blockquote><p><em>Mit welcher Pers\u00f6nlichkeit w\u00fcrden Sie gern ein Gespr\u00e4ch f\u00fchren\u2014und wor\u00fcber w\u00fcrden Sie sprechen?<\/em><br \/>\nIm Moment mit Otto Dix. Ich habe mit den Arbeiten, die ich f\u00fcr das Haus am L\u00fctzowplatz gemalt habe, einen sehr intensiven imagin\u00e4ren Dialog mit Dix \u00fcber seine  Bilder, seine Welt und seine Weltsicht gef\u00fchrt und ich h\u00e4tte mich gerne einmal in Wirklichkeit mit ihm unterhalten.<\/p><\/blockquote>\n<p><a href=\"https:\/\/www.flickr.com\/photos\/mitue\/54847684460\/in\/dateposted\/\" title=\"20251011 07\"><img loading=\"lazy\" decoding=\"async\" src=\"https:\/\/live.staticflickr.com\/65535\/54847684460_e29a2daf6b.jpg\" width=\"500\" height=\"438\" alt=\"20251011 07\"\/><\/a><br \/>\nAltbau-Idylle<\/p>\n<p><a href=\"https:\/\/mitue.de\/?p=3923\">Erinnerung<\/a>: Ruprecht von Kaufmann 2014 im Georg-Kolbe-Museum<\/p>\n","protected":false},"excerpt":{"rendered":"<p>10 Jahre lang hat Ruprecht von Kaufmann keine Werke mehr in Berlin gezeigt. Im Herbst kehrt er zur\u00fcck. Herbstabend Das Haus am L\u00fctzowplatz (HaL) zeigt als Partner der Berlin Art Week 2025 die Einzelausstellung HERBST von Ruprecht von Kaufmann. Speziell f\u00fcr die R\u00e4ume des Kunstvereins konzipiert, umfasst sie bis auf eine Ausnahme ausschlie\u00dflich Arbeiten, die [&hellip;]<\/p>\n","protected":false},"author":1,"featured_media":0,"comment_status":"open","ping_status":"closed","sticky":false,"template":"","format":"standard","meta":{"footnotes":""},"categories":[5],"tags":[618],"class_list":["post-10133","post","type-post","status-publish","format-standard","hentry","category-ausstellungen","tag-haus-am-lutzowplatz"],"_links":{"self":[{"href":"https:\/\/mitue.de\/index.php?rest_route=\/wp\/v2\/posts\/10133","targetHints":{"allow":["GET"]}}],"collection":[{"href":"https:\/\/mitue.de\/index.php?rest_route=\/wp\/v2\/posts"}],"about":[{"href":"https:\/\/mitue.de\/index.php?rest_route=\/wp\/v2\/types\/post"}],"author":[{"embeddable":true,"href":"https:\/\/mitue.de\/index.php?rest_route=\/wp\/v2\/users\/1"}],"replies":[{"embeddable":true,"href":"https:\/\/mitue.de\/index.php?rest_route=%2Fwp%2Fv2%2Fcomments&post=10133"}],"version-history":[{"count":6,"href":"https:\/\/mitue.de\/index.php?rest_route=\/wp\/v2\/posts\/10133\/revisions"}],"predecessor-version":[{"id":10139,"href":"https:\/\/mitue.de\/index.php?rest_route=\/wp\/v2\/posts\/10133\/revisions\/10139"}],"wp:attachment":[{"href":"https:\/\/mitue.de\/index.php?rest_route=%2Fwp%2Fv2%2Fmedia&parent=10133"}],"wp:term":[{"taxonomy":"category","embeddable":true,"href":"https:\/\/mitue.de\/index.php?rest_route=%2Fwp%2Fv2%2Fcategories&post=10133"},{"taxonomy":"post_tag","embeddable":true,"href":"https:\/\/mitue.de\/index.php?rest_route=%2Fwp%2Fv2%2Ftags&post=10133"}],"curies":[{"name":"wp","href":"https:\/\/api.w.org\/{rel}","templated":true}]}}