{"id":10141,"date":"2025-10-28T10:46:26","date_gmt":"2025-10-28T09:46:26","guid":{"rendered":"https:\/\/mitue.de\/?p=10141"},"modified":"2025-10-28T10:46:26","modified_gmt":"2025-10-28T09:46:26","slug":"immer-am-buecherregal-entlang-24-2","status":"publish","type":"post","link":"https:\/\/mitue.de\/?p=10141","title":{"rendered":"Immer am B\u00fccherregal entlang (24)"},"content":{"rendered":"<p><a href=\"https:\/\/www.adk.de\/de\/programm\/index.htm?we_objectID=68081\">OUT of the BOX<\/a><br \/>\n75 Jahre Archiv der AdK<\/p>\n<p><a href=\"https:\/\/www.flickr.com\/photos\/mitue\/54881423748\/in\/dateposted\/\" title=\"20251024 03\"><img loading=\"lazy\" decoding=\"async\" src=\"https:\/\/live.staticflickr.com\/65535\/54881423748_5e57e61791.jpg\" width=\"479\" height=\"500\" alt=\"20251024 03\"\/><\/a><\/p>\n<p><a href=\"https:\/\/www.flickr.com\/photos\/mitue\/54881423643\/in\/dateposted\/\" title=\"20251024 07\"><img loading=\"lazy\" decoding=\"async\" src=\"https:\/\/live.staticflickr.com\/65535\/54881423643_7c34647f96.jpg\" width=\"500\" height=\"500\" alt=\"20251024 07\"\/><\/a><br \/>\nDie Archivboxen des Grafikers und Verlegers Klaus Staeck<\/p>\n<p><a href=\"https:\/\/www.flickr.com\/photos\/mitue\/54880333492\/in\/dateposted\/\" title=\"Das Bergwerk\"><img loading=\"lazy\" decoding=\"async\" src=\"https:\/\/live.staticflickr.com\/65535\/54880333492_721b37c6c7.jpg\" width=\"500\" height=\"389\" alt=\"Das Bergwerk\"\/><\/a><br \/>\nCollage f\u00fcr das Romanprojekt &#8222;Im Berg&#8220; von Franz F\u00fchmann<\/p>\n<p>Auch ein Bergwerk: das <a href=\"https:\/\/www.planetlyrik.de\/wp-content\/uploads\/2024\/06\/Barbara-Heinze-Auch-ein-Bergwerk-das-Franz-F\u00fchmann-Archiv-in-der-Akademie-der-K\u00fcnste.pdf\">Franz-F\u00fchmann-Archiv<\/a> in der Akademie der K\u00fcnste<\/p>\n<p><a href=\"https:\/\/www.flickr.com\/photos\/mitue\/54885473616\/in\/dateposted\/\" title=\"F\u00fchmann\"><img loading=\"lazy\" decoding=\"async\" src=\"https:\/\/live.staticflickr.com\/65535\/54885473616_c7206633b6.jpg\" width=\"500\" height=\"500\" alt=\"F\u00fchmann\"\/><\/a><\/p>\n","protected":false},"excerpt":{"rendered":"<p>OUT of the BOX 75 Jahre Archiv der AdK Die Archivboxen des Grafikers und Verlegers Klaus Staeck Collage f\u00fcr das Romanprojekt &#8222;Im Berg&#8220; von Franz F\u00fchmann Auch ein Bergwerk: das Franz-F\u00fchmann-Archiv in der Akademie der K\u00fcnste<\/p>\n","protected":false},"author":1,"featured_media":0,"comment_status":"open","ping_status":"closed","sticky":false,"template":"","format":"standard","meta":{"footnotes":""},"categories":[5],"tags":[715,714],"class_list":["post-10141","post","type-post","status-publish","format-standard","hentry","category-ausstellungen","tag-meine-bibliothek","tag-spaziergang-durch-die-wohnung"],"_links":{"self":[{"href":"https:\/\/mitue.de\/index.php?rest_route=\/wp\/v2\/posts\/10141","targetHints":{"allow":["GET"]}}],"collection":[{"href":"https:\/\/mitue.de\/index.php?rest_route=\/wp\/v2\/posts"}],"about":[{"href":"https:\/\/mitue.de\/index.php?rest_route=\/wp\/v2\/types\/post"}],"author":[{"embeddable":true,"href":"https:\/\/mitue.de\/index.php?rest_route=\/wp\/v2\/users\/1"}],"replies":[{"embeddable":true,"href":"https:\/\/mitue.de\/index.php?rest_route=%2Fwp%2Fv2%2Fcomments&post=10141"}],"version-history":[{"count":4,"href":"https:\/\/mitue.de\/index.php?rest_route=\/wp\/v2\/posts\/10141\/revisions"}],"predecessor-version":[{"id":10145,"href":"https:\/\/mitue.de\/index.php?rest_route=\/wp\/v2\/posts\/10141\/revisions\/10145"}],"wp:attachment":[{"href":"https:\/\/mitue.de\/index.php?rest_route=%2Fwp%2Fv2%2Fmedia&parent=10141"}],"wp:term":[{"taxonomy":"category","embeddable":true,"href":"https:\/\/mitue.de\/index.php?rest_route=%2Fwp%2Fv2%2Fcategories&post=10141"},{"taxonomy":"post_tag","embeddable":true,"href":"https:\/\/mitue.de\/index.php?rest_route=%2Fwp%2Fv2%2Ftags&post=10141"}],"curies":[{"name":"wp","href":"https:\/\/api.w.org\/{rel}","templated":true}]}}