{"id":103,"date":"2008-04-03T16:58:55","date_gmt":"2008-04-03T15:58:55","guid":{"rendered":"http:\/\/mitue.de\/?p=103"},"modified":"2008-04-03T18:28:34","modified_gmt":"2008-04-03T17:28:34","slug":"otto-nagel","status":"publish","type":"post","link":"https:\/\/mitue.de\/?p=103","title":{"rendered":"Otto Nagel"},"content":{"rendered":"<p>Das ist der Rote Salon im <a href=\"http:\/\/de.wikipedia.org\/wiki\/Palais_am_Festungsgraben\">Palais am Festungsgraben<\/a>. Im Palais findet gegenw\u00e4rtig eine vom <a href=\"http:\/\/www.mittemuseum.de\/35-0-wechselausstellung.html\">Mitte Museum<\/a>, dem Freundeskreis Otto Nagel e.V. und der Akademie der K\u00fcnste getragene Otto-Nagel-Ausstellung statt.<\/p>\n<p><a href=\"http:\/\/www.flickr.com\/photos\/mitue\/2373839615\/\" title=\"Roter Salon by mitue, on Flickr\"><img loading=\"lazy\" decoding=\"async\" border=\"0\" width=\"500\" src=\"http:\/\/farm4.static.flickr.com\/3161\/2373839615_090bb3cc09.jpg\" alt=\"Roter Salon\" height=\"333\" \/><\/a><\/p>\n<p>Neben Nagels Bildern sind eine Reihe sehr interessanter Dokumente zu sehen, insbesondere auch zu seinem Wirken als Pr\u00e4sident der Deutschen Akademie der K\u00fcnste in den Jahren 1956 bis 1962.<\/p>\n<blockquote><p>Mit pikant aktueller Anmutung liest man Nagels Post an Partei- und Regierungs-Obrigkeiten, in denen er sich gegen den Abriss des Potsdamer Stadtschlosses oder der Schinkelschen Bauakademie stemmt. F\u00fcr die Wiedererrichtung der Quadriga auf dem Brandenburger Tor sucht er die Kooperation mit Hans Scharoun, dem Pr\u00e4sidenten der Westberliner Akademie-Gegengr\u00fcndung. Zu ihm und seiner Institution unterh\u00e4lt er ungeachtet der spannungsgeladenen politischen Gro\u00dfwetterlage kollegiale Kontakte. Ein Brief von 1960 dr\u00fcckt besorgte Umsicht aus, &#8222;weitere Zusammenarbeit nicht (zu) verbauen, damit unser gutes Verh\u00e4ltnis nicht ein Opfer des kalten Krieges wird.&#8220;<br \/>\nDen Gralsh\u00fctern und Alleslenkern ist dieser vers\u00f6hnlerische &#8222;Genosse K\u00fcnstler&#8220; l\u00e4ngst suspekt, f\u00fcr die geplante Ausrichtung auf eine &#8222;sozialistische Akademie&#8220; nicht mehr zu gebrauchen. Es war beschlossene Sache: der unbotm\u00e4\u00dfige Nagel, der sich im Januar 1961 in einem Brief an den stellvertretenden Kulturminister klassenk\u00e4mpferische Briefmodelle f\u00fcr den Umgang mit &#8222;West-Leuten&#8220; verbittet, soll gehen. Der Dogmatiker Alexander Abusch hat Nagel im Januar 1962 das Verdikt zu \u00fcberbringen und rapportiert an &#8222;die F\u00fchrung&#8220;: &#8222;Ich habe ihm gesagt, dass er in Ehren ausscheiden soll .&#8220;<br \/>\n(aus: Volker M\u00fcller <a href=\"http:\/\/www.berlinonline.de\/berliner-zeitung\/print\/feuilleton\/736137.html\">Der gesamtdeutsche Genosse K\u00fcnstler<\/a>)<\/p><\/blockquote>\n<p><a href=\"http:\/\/www.flickr.com\/photos\/mitue\/2385580980\/\" title=\"Friedrichsgracht by mitue, on Flickr\"><img loading=\"lazy\" decoding=\"async\" border=\"0\" width=\"500\" src=\"http:\/\/farm3.static.flickr.com\/2305\/2385580980_3b1451d93d_o.jpg\" alt=\"Friedrichsgracht\" height=\"395\" \/><\/a><br \/>\nH\u00e4user der Friedrichsgracht, 1941<\/p>\n","protected":false},"excerpt":{"rendered":"<p>Das ist der Rote Salon im Palais am Festungsgraben. Im Palais findet gegenw\u00e4rtig eine vom Mitte Museum, dem Freundeskreis Otto Nagel e.V. und der Akademie der K\u00fcnste getragene Otto-Nagel-Ausstellung statt. Neben Nagels Bildern sind eine Reihe sehr interessanter Dokumente zu sehen, insbesondere auch zu seinem Wirken als Pr\u00e4sident der Deutschen Akademie der K\u00fcnste in den [&hellip;]<\/p>\n","protected":false},"author":1,"featured_media":0,"comment_status":"open","ping_status":"open","sticky":false,"template":"","format":"standard","meta":{"footnotes":""},"categories":[5,4],"tags":[9],"class_list":["post-103","post","type-post","status-publish","format-standard","hentry","category-ausstellungen","category-berlin","tag-berliner-original"],"_links":{"self":[{"href":"https:\/\/mitue.de\/index.php?rest_route=\/wp\/v2\/posts\/103","targetHints":{"allow":["GET"]}}],"collection":[{"href":"https:\/\/mitue.de\/index.php?rest_route=\/wp\/v2\/posts"}],"about":[{"href":"https:\/\/mitue.de\/index.php?rest_route=\/wp\/v2\/types\/post"}],"author":[{"embeddable":true,"href":"https:\/\/mitue.de\/index.php?rest_route=\/wp\/v2\/users\/1"}],"replies":[{"embeddable":true,"href":"https:\/\/mitue.de\/index.php?rest_route=%2Fwp%2Fv2%2Fcomments&post=103"}],"version-history":[{"count":0,"href":"https:\/\/mitue.de\/index.php?rest_route=\/wp\/v2\/posts\/103\/revisions"}],"wp:attachment":[{"href":"https:\/\/mitue.de\/index.php?rest_route=%2Fwp%2Fv2%2Fmedia&parent=103"}],"wp:term":[{"taxonomy":"category","embeddable":true,"href":"https:\/\/mitue.de\/index.php?rest_route=%2Fwp%2Fv2%2Fcategories&post=103"},{"taxonomy":"post_tag","embeddable":true,"href":"https:\/\/mitue.de\/index.php?rest_route=%2Fwp%2Fv2%2Ftags&post=103"}],"curies":[{"name":"wp","href":"https:\/\/api.w.org\/{rel}","templated":true}]}}