{"id":1054,"date":"2010-03-04T17:57:59","date_gmt":"2010-03-04T16:57:59","guid":{"rendered":"http:\/\/mitue.de\/?p=1054"},"modified":"2010-03-04T17:57:59","modified_gmt":"2010-03-04T16:57:59","slug":"landesmuseum-fur-moderne-kunst","status":"publish","type":"post","link":"https:\/\/mitue.de\/?p=1054","title":{"rendered":"Landesmuseum f\u00fcr moderne Kunst"},"content":{"rendered":"<p>J\u00f6rn Merkert, der die Berlinische Galerie seit 1987 leitet, tritt mit 63 Jahren ab; im Juli wird er das Landesmuseum f\u00fcr moderne Kunst verlassen.<\/p>\n<p><a title=\"HHAEB08 von mitue bei Flickr\" href=\"http:\/\/www.flickr.com\/photos\/mitue\/2955008834\/\"><img loading=\"lazy\" decoding=\"async\" src=\"http:\/\/farm4.static.flickr.com\/3151\/2955008834_2d1f618555.jpg\" alt=\"HHAEB08\" width=\"500\" height=\"333\" \/><\/a><br \/>\nMerkert in der Hans-Hartung und Anna-Eva Bergman-Stiftung, Cote D&#8217;Azur<\/p>\n<p><a title=\"Erinnerungsduft von mitue bei Flickr\" href=\"http:\/\/www.flickr.com\/photos\/mitue\/1673853780\/\"><img loading=\"lazy\" decoding=\"async\" src=\"http:\/\/farm3.static.flickr.com\/2396\/1673853780_ab8179318d.jpg\" alt=\"Erinnerungsduft\" width=\"500\" height=\"353\" \/><\/a><br \/>\nMerkert mit Mercedes Vostell in Malpartida, Extremadura, Spanien<\/p>\n<p><a title=\"Vortrag und Dialog 4 von mitue bei Flickr\" href=\"http:\/\/www.flickr.com\/photos\/mitue\/2684134191\/\"><img loading=\"lazy\" decoding=\"async\" src=\"http:\/\/farm4.static.flickr.com\/3227\/2684134191_4d83b8b14a.jpg\" alt=\"Vortrag und Dialog 4\" width=\"500\" height=\"338\" \/><\/a><br \/>\nMerkert mit Hans Scheuerecker, Cottbus<\/p>\n<p><a title=\"Merkert und St\u00f6tzer von mitue bei Flickr\" href=\"http:\/\/www.flickr.com\/photos\/mitue\/240730407\/\"><img loading=\"lazy\" decoding=\"async\" src=\"http:\/\/farm1.static.flickr.com\/90\/240730407_bf1c91ed24.jpg\" alt=\"Merkert und St\u00f6tzer\" width=\"500\" height=\"334\" \/><\/a><br \/>\nMerkert mit Werner St\u00f6tzer, Alt-Langsow<\/p>\n<blockquote><p>F\u00fcr das Haus bedeutet das einen tiefen Einschnitt, denn Merkert und die Berlinische Galerie sind in 23 Jahren eins geworden. Jetzt bricht eine neue \u00c4ra an. Der Nachfolger soll noch im M\u00e4rz vorgestellt werden. Wie zu h\u00f6ren ist, hielt sich Wowereit weitgehend heraus, stattdessen begutachteten Schmitz, mit der Kunstszene auch nicht besser vertraut als sein Chef, und der Stiftungsrat der Berlinischen Galerie die Bewerber. Die Entscheidung ist offenbar getroffen, in zwei, drei Wochen soll sie im Senat vorgestellt und dort abgesegnet werden. Selbst sonst stets gut informierte Insider haben diesmal keinen Namen, den sie uns zuraunen k\u00f6nnten.<br \/>\n(mehr <a href=\"http:\/\/www.berlinonline.de\/berliner-zeitung\/archiv\/.bin\/dump.fcgi\/2010\/0304\/feuilleton\/0007\/index.html\">hier<\/a>)<\/p><\/blockquote>\n","protected":false},"excerpt":{"rendered":"<p>J\u00f6rn Merkert, der die Berlinische Galerie seit 1987 leitet, tritt mit 63 Jahren ab; im Juli wird er das Landesmuseum f\u00fcr moderne Kunst verlassen. Merkert in der Hans-Hartung und Anna-Eva Bergman-Stiftung, Cote D&#8217;Azur Merkert mit Mercedes Vostell in Malpartida, Extremadura, Spanien Merkert mit Hans Scheuerecker, Cottbus Merkert mit Werner St\u00f6tzer, Alt-Langsow F\u00fcr das Haus bedeutet [&hellip;]<\/p>\n","protected":false},"author":1,"featured_media":0,"comment_status":"open","ping_status":"open","sticky":false,"template":"","format":"standard","meta":{"footnotes":""},"categories":[4],"tags":[20,251],"class_list":["post-1054","post","type-post","status-publish","format-standard","hentry","category-berlin","tag-berlinische-galerie","tag-jorn-merkert"],"_links":{"self":[{"href":"https:\/\/mitue.de\/index.php?rest_route=\/wp\/v2\/posts\/1054","targetHints":{"allow":["GET"]}}],"collection":[{"href":"https:\/\/mitue.de\/index.php?rest_route=\/wp\/v2\/posts"}],"about":[{"href":"https:\/\/mitue.de\/index.php?rest_route=\/wp\/v2\/types\/post"}],"author":[{"embeddable":true,"href":"https:\/\/mitue.de\/index.php?rest_route=\/wp\/v2\/users\/1"}],"replies":[{"embeddable":true,"href":"https:\/\/mitue.de\/index.php?rest_route=%2Fwp%2Fv2%2Fcomments&post=1054"}],"version-history":[{"count":1,"href":"https:\/\/mitue.de\/index.php?rest_route=\/wp\/v2\/posts\/1054\/revisions"}],"predecessor-version":[{"id":1055,"href":"https:\/\/mitue.de\/index.php?rest_route=\/wp\/v2\/posts\/1054\/revisions\/1055"}],"wp:attachment":[{"href":"https:\/\/mitue.de\/index.php?rest_route=%2Fwp%2Fv2%2Fmedia&parent=1054"}],"wp:term":[{"taxonomy":"category","embeddable":true,"href":"https:\/\/mitue.de\/index.php?rest_route=%2Fwp%2Fv2%2Fcategories&post=1054"},{"taxonomy":"post_tag","embeddable":true,"href":"https:\/\/mitue.de\/index.php?rest_route=%2Fwp%2Fv2%2Ftags&post=1054"}],"curies":[{"name":"wp","href":"https:\/\/api.w.org\/{rel}","templated":true}]}}