{"id":1088,"date":"2010-03-21T16:11:20","date_gmt":"2010-03-21T15:11:20","guid":{"rendered":"http:\/\/mitue.de\/?p=1088"},"modified":"2010-03-21T16:11:20","modified_gmt":"2010-03-21T15:11:20","slug":"vera-mercer","status":"publish","type":"post","link":"https:\/\/mitue.de\/?p=1088","title":{"rendered":"Vera Mercer"},"content":{"rendered":"<p><a href=\"http:\/\/www.berlinonline.de\/berliner-zeitung\/archiv\/.bin\/dump.fcgi\/2010\/0316\/berlinplanerkunst\/0014\/index.html\">Portr\u00e4ts und Stillleben<\/a> von Vera Mercer in der <a href=\"http:\/\/www.kommunalegalerie-berlin.de\/\">KommunaleGalerieberlin<\/a><\/p>\n<p><a title=\"Stillleben 5 von mitue bei Flickr\" href=\"http:\/\/www.flickr.com\/photos\/mitue\/4450926540\/\"><img loading=\"lazy\" decoding=\"async\" src=\"http:\/\/farm3.static.flickr.com\/2791\/4450926540_cb4bdef855.jpg\" alt=\"Stillleben 5\" width=\"500\" height=\"333\" \/><\/a><\/p>\n<blockquote><p>Nach ihrer Heirat mit Daniel Spoerri war Vera Mercer Teil der Pariser K\u00fcnstleravantgarde der fr\u00fchen 1960er Jahre; sie portr\u00e4tierte u. a. Marcel Duchamp, Niki de Saint-Phalle und immer wieder Spoerri. Parallel zu diesen Portr\u00e4ts fotografierte sie auch alte Pariser Markthallen kurz vor deren Abriss. Hier begegnete sie einem Thema, das sie seitdem besch\u00e4ftigt: Nahrung wie Fr\u00fcchte und Gem\u00fcse, Fleisch und Fisch \u2013 und das sp\u00e4tere Arrangement im heimischen Studio. Vera Mercers Blumen-, Fr\u00fcchte- und Tierstillleben sind vom 7.3. bis zum 25.4. in der Kommunalen Galerie in Berlin zu sehen.<br \/>\n(<a href=\"http:\/\/www.kunstmagazinberlin.de\/magazin\/1003\/727-vera-mercer--\">hier<\/a>)<\/p><\/blockquote>\n","protected":false},"excerpt":{"rendered":"<p>Portr\u00e4ts und Stillleben von Vera Mercer in der KommunaleGalerieberlin Nach ihrer Heirat mit Daniel Spoerri war Vera Mercer Teil der Pariser K\u00fcnstleravantgarde der fr\u00fchen 1960er Jahre; sie portr\u00e4tierte u. a. Marcel Duchamp, Niki de Saint-Phalle und immer wieder Spoerri. Parallel zu diesen Portr\u00e4ts fotografierte sie auch alte Pariser Markthallen kurz vor deren Abriss. Hier begegnete [&hellip;]<\/p>\n","protected":false},"author":1,"featured_media":0,"comment_status":"open","ping_status":"open","sticky":false,"template":"","format":"standard","meta":{"footnotes":""},"categories":[5],"tags":[254],"class_list":["post-1088","post","type-post","status-publish","format-standard","hentry","category-ausstellungen","tag-vera-mercer"],"_links":{"self":[{"href":"https:\/\/mitue.de\/index.php?rest_route=\/wp\/v2\/posts\/1088","targetHints":{"allow":["GET"]}}],"collection":[{"href":"https:\/\/mitue.de\/index.php?rest_route=\/wp\/v2\/posts"}],"about":[{"href":"https:\/\/mitue.de\/index.php?rest_route=\/wp\/v2\/types\/post"}],"author":[{"embeddable":true,"href":"https:\/\/mitue.de\/index.php?rest_route=\/wp\/v2\/users\/1"}],"replies":[{"embeddable":true,"href":"https:\/\/mitue.de\/index.php?rest_route=%2Fwp%2Fv2%2Fcomments&post=1088"}],"version-history":[{"count":1,"href":"https:\/\/mitue.de\/index.php?rest_route=\/wp\/v2\/posts\/1088\/revisions"}],"predecessor-version":[{"id":1089,"href":"https:\/\/mitue.de\/index.php?rest_route=\/wp\/v2\/posts\/1088\/revisions\/1089"}],"wp:attachment":[{"href":"https:\/\/mitue.de\/index.php?rest_route=%2Fwp%2Fv2%2Fmedia&parent=1088"}],"wp:term":[{"taxonomy":"category","embeddable":true,"href":"https:\/\/mitue.de\/index.php?rest_route=%2Fwp%2Fv2%2Fcategories&post=1088"},{"taxonomy":"post_tag","embeddable":true,"href":"https:\/\/mitue.de\/index.php?rest_route=%2Fwp%2Fv2%2Ftags&post=1088"}],"curies":[{"name":"wp","href":"https:\/\/api.w.org\/{rel}","templated":true}]}}