{"id":1100,"date":"2010-03-26T18:45:05","date_gmt":"2010-03-26T17:45:05","guid":{"rendered":"http:\/\/mitue.de\/?p=1100"},"modified":"2010-03-26T18:45:05","modified_gmt":"2010-03-26T17:45:05","slug":"marz-im-marz","status":"publish","type":"post","link":"https:\/\/mitue.de\/?p=1100","title":{"rendered":"M\u00e4rz im M\u00e4rz"},"content":{"rendered":"<p><a href=\"http:\/\/www.flickr.com\/photos\/mitue\/4464526559\/\" title=\"M\u00e4rz1 von mitue bei Flickr\"><img loading=\"lazy\" decoding=\"async\" src=\"http:\/\/farm5.static.flickr.com\/4047\/4464526559_fe879d466c.jpg\" width=\"500\" height=\"334\" alt=\"M\u00e4rz1\" \/><\/a><\/p>\n<p><a href=\"http:\/\/www.maerzwerke.de\/\">Volker M\u00e4rz<\/a> in der <a href=\"http:\/\/www.galerie-tammen.de\/\">Galerie Tammen<\/a> <\/p>\n<blockquote><p>Nackte helle Haut, schwarze Haare. Rote Ohren, rote Nippel, Pistole in der Hand. Und nicht gr\u00f6\u00dfer als eine Puppe. Das ist Kafka. Der entbl\u00f6\u00dfte, schie\u00dfende Kafka ist die Ikone des K\u00fcnstlers Volker M\u00e4rz. Er hat ihn mitgenommen nach Israel, hat die Tonfigur an den Strand von Tel Aviv gelegt und sie zum Checkpoint zu Gaza getragen, wo ihn die Soldaten stoppten. In der W\u00fcste Negev dann war Kafka alias M\u00e4rz so irritiert von tieffliegenden Kampfflugzeugen, dass er ein Kamel erschoss. Nat\u00fcrlich nicht wirklich. Aber absurd, hei\u00df und hochpolitisch ist die Geschichte allemal.<br \/>\n(mehr <a href=\"http:\/\/www.berlinonline.de\/berliner-zeitung\/archiv\/.bin\/dump.fcgi\/2010\/0323\/berlinplanerkunst\/0007\/index.html\">hier<\/a>)<\/p><\/blockquote>\n<p><a href=\"http:\/\/www.flickr.com\/photos\/mitue\/4464554217\/\" title=\"M\u00e4rz2 von mitue bei Flickr\"><img loading=\"lazy\" decoding=\"async\" src=\"http:\/\/farm5.static.flickr.com\/4015\/4464554217_00af5ded73.jpg\" width=\"500\" height=\"269\" alt=\"M\u00e4rz2\" \/><\/a><\/p>\n<blockquote><p>Dies ist die Geschichte von Franz Kafka, der 1924 im Alter von 41 Jahren nicht an Tuberkulose stirbt, sondern mit seinem Affen, Herrn Rotpeter, nach Pal\u00e4stina rudert, wo er heute im Alter von 126 Jahren in Tel Aviv lebt. Von hier aus beleuchtet er die Weltgeschichte der letzten 85 Jahre und damit die Geschichte Israels in knappen Kommentaren, die seinen diversen Briefen und E-Mails entnommen sind. Herr Rotpeter, der immer an seiner Seite durch die Geschichte eilt, ist sein zweites Ich: ein menschgewordener Affe, der aus seiner nat\u00fcrlichen Freiheit des Dschungels gekidnappt wurde, um ihn in die menschliche Zivilisation zu bringen.<br \/>\n(<a href=\"http:\/\/www.vfmk.de\/db\/products\/_auto_2572442.xhtml\">hier<\/a> das Buch)<\/p><\/blockquote>\n","protected":false},"excerpt":{"rendered":"<p>Volker M\u00e4rz in der Galerie Tammen Nackte helle Haut, schwarze Haare. Rote Ohren, rote Nippel, Pistole in der Hand. Und nicht gr\u00f6\u00dfer als eine Puppe. Das ist Kafka. Der entbl\u00f6\u00dfte, schie\u00dfende Kafka ist die Ikone des K\u00fcnstlers Volker M\u00e4rz. Er hat ihn mitgenommen nach Israel, hat die Tonfigur an den Strand von Tel Aviv gelegt [&hellip;]<\/p>\n","protected":false},"author":1,"featured_media":0,"comment_status":"open","ping_status":"open","sticky":false,"template":"","format":"standard","meta":{"footnotes":""},"categories":[5],"tags":[],"class_list":["post-1100","post","type-post","status-publish","format-standard","hentry","category-ausstellungen"],"_links":{"self":[{"href":"https:\/\/mitue.de\/index.php?rest_route=\/wp\/v2\/posts\/1100","targetHints":{"allow":["GET"]}}],"collection":[{"href":"https:\/\/mitue.de\/index.php?rest_route=\/wp\/v2\/posts"}],"about":[{"href":"https:\/\/mitue.de\/index.php?rest_route=\/wp\/v2\/types\/post"}],"author":[{"embeddable":true,"href":"https:\/\/mitue.de\/index.php?rest_route=\/wp\/v2\/users\/1"}],"replies":[{"embeddable":true,"href":"https:\/\/mitue.de\/index.php?rest_route=%2Fwp%2Fv2%2Fcomments&post=1100"}],"version-history":[{"count":0,"href":"https:\/\/mitue.de\/index.php?rest_route=\/wp\/v2\/posts\/1100\/revisions"}],"wp:attachment":[{"href":"https:\/\/mitue.de\/index.php?rest_route=%2Fwp%2Fv2%2Fmedia&parent=1100"}],"wp:term":[{"taxonomy":"category","embeddable":true,"href":"https:\/\/mitue.de\/index.php?rest_route=%2Fwp%2Fv2%2Fcategories&post=1100"},{"taxonomy":"post_tag","embeddable":true,"href":"https:\/\/mitue.de\/index.php?rest_route=%2Fwp%2Fv2%2Ftags&post=1100"}],"curies":[{"name":"wp","href":"https:\/\/api.w.org\/{rel}","templated":true}]}}