{"id":115,"date":"2008-05-21T06:22:59","date_gmt":"2008-05-21T05:22:59","guid":{"rendered":"http:\/\/mitue.de\/?p=115"},"modified":"2008-05-21T06:22:59","modified_gmt":"2008-05-21T05:22:59","slug":"mozarts-nasenspitze","status":"publish","type":"post","link":"https:\/\/mitue.de\/?p=115","title":{"rendered":"Mozarts Nasenspitze"},"content":{"rendered":"<p><a title=\"Mozart von links by mitue, on Flickr\" href=\"http:\/\/www.flickr.com\/photos\/mitue\/2503999929\/\"><img loading=\"lazy\" decoding=\"async\" src=\"http:\/\/farm4.static.flickr.com\/3143\/2503999929_c73d25b96b.jpg\" border=\"0\" alt=\"Mozart von links\" width=\"500\" height=\"333\" \/><\/a><br \/>\n<a href=\"http:\/\/de.wikipedia.org\/wiki\/Komponistendenkmal\">Beethoven-Mozart-Haydn-Denkmal<\/a> von Rudolf Siemering im Tiergarten<\/p>\n<blockquote><p>2001 begann eine umfassende Restaurierung unter Aufsicht des Landesdenkmalamtes. Die Leitung aller Arbeiten lag bei der \u201eRestaurierung am Oberbaum\u201c, die Gesamtkosten von 960 000 Euro \u00fcbernahm die Senatsverwaltung f\u00fcr Stadtentwicklung.<br \/>\nViele der etwa 145 Einzelteile des zerlegten Denkmals waren durch Einsch\u00fcsse bei Kriegsende und sp\u00e4tere mutwillige Zerst\u00f6rungen besch\u00e4digt, Marmorelemente von Rissen durchzogen und durch Kupfersalze gr\u00fcnlich verf\u00e4rbt. Der Marmor konnte durch spezielle Verfahren stabilisiert werden und erhielt abschlie\u00dfend eine Anti-Graffiti-Schicht. Einige fehlende Teile \u2013 zum Beispiel Mozarts Nasenspitze \u2013 wurden erg\u00e4nzt, Kriegs- und Nachkriegsspuren sollten jedoch auch erkennbar bleiben. Verschiedene verloren gegangene Metallteile \u2013 Masken, Musikinstrumente, Blumengeh\u00e4nge \u2013 mussten <a href=\"http:\/\/www.steinrestaurierung-hoferick.de\/2006\/referenz74\/masken.html\">nach historischen Fotos und Postkarten rekonstruiert<\/a> werden. Nachdem der Tiergartentunnel fertiggestellt und das jahrzehntelange Provisorium der Entlastungsstra\u00dfe beseitigt und \u00fcberpflanzt worden war, konnte mit dem Wiederaufbau des Denkmals begonnen werden. Im Sommer 2007 waren die letzten Arbeiten am Sockel abgeschlossen.<\/p><\/blockquote>\n","protected":false},"excerpt":{"rendered":"<p>Beethoven-Mozart-Haydn-Denkmal von Rudolf Siemering im Tiergarten 2001 begann eine umfassende Restaurierung unter Aufsicht des Landesdenkmalamtes. Die Leitung aller Arbeiten lag bei der \u201eRestaurierung am Oberbaum\u201c, die Gesamtkosten von 960 000 Euro \u00fcbernahm die Senatsverwaltung f\u00fcr Stadtentwicklung. Viele der etwa 145 Einzelteile des zerlegten Denkmals waren durch Einsch\u00fcsse bei Kriegsende und sp\u00e4tere mutwillige Zerst\u00f6rungen besch\u00e4digt, Marmorelemente [&hellip;]<\/p>\n","protected":false},"author":1,"featured_media":0,"comment_status":"open","ping_status":"open","sticky":false,"template":"","format":"standard","meta":{"footnotes":""},"categories":[3],"tags":[],"class_list":["post-115","post","type-post","status-publish","format-standard","hentry","category-kunst-im-offentlichen-raum"],"_links":{"self":[{"href":"https:\/\/mitue.de\/index.php?rest_route=\/wp\/v2\/posts\/115","targetHints":{"allow":["GET"]}}],"collection":[{"href":"https:\/\/mitue.de\/index.php?rest_route=\/wp\/v2\/posts"}],"about":[{"href":"https:\/\/mitue.de\/index.php?rest_route=\/wp\/v2\/types\/post"}],"author":[{"embeddable":true,"href":"https:\/\/mitue.de\/index.php?rest_route=\/wp\/v2\/users\/1"}],"replies":[{"embeddable":true,"href":"https:\/\/mitue.de\/index.php?rest_route=%2Fwp%2Fv2%2Fcomments&post=115"}],"version-history":[{"count":0,"href":"https:\/\/mitue.de\/index.php?rest_route=\/wp\/v2\/posts\/115\/revisions"}],"wp:attachment":[{"href":"https:\/\/mitue.de\/index.php?rest_route=%2Fwp%2Fv2%2Fmedia&parent=115"}],"wp:term":[{"taxonomy":"category","embeddable":true,"href":"https:\/\/mitue.de\/index.php?rest_route=%2Fwp%2Fv2%2Fcategories&post=115"},{"taxonomy":"post_tag","embeddable":true,"href":"https:\/\/mitue.de\/index.php?rest_route=%2Fwp%2Fv2%2Ftags&post=115"}],"curies":[{"name":"wp","href":"https:\/\/api.w.org\/{rel}","templated":true}]}}