{"id":1180,"date":"2010-05-04T18:57:04","date_gmt":"2010-05-04T17:57:04","guid":{"rendered":"http:\/\/mitue.de\/?p=1180"},"modified":"2010-05-04T18:57:04","modified_gmt":"2010-05-04T17:57:04","slug":"ohne-gebrauchsanweisung","status":"publish","type":"post","link":"https:\/\/mitue.de\/?p=1180","title":{"rendered":"Ohne Gebrauchsanweisung"},"content":{"rendered":"<p>Eine <a href=\"http:\/\/artcoreberlin.wordpress.com\/2010\/03\/05\/ohne-gebrauchsanweisung\/\">Ausstellung der Projektgruppe artCore<\/a> zur<br \/>\nRezeption von Kunst im \u00f6ffentlichen und privaten Raum<\/p>\n<p><a href=\"http:\/\/www.flickr.com\/photos\/mitue\/4578431181\/\" title=\"El Bocho von mitue bei Flickr\"><img loading=\"lazy\" decoding=\"async\" src=\"http:\/\/farm5.static.flickr.com\/4021\/4578431181_3655b76d22.jpg\" width=\"500\" height=\"334\" alt=\"El Bocho\" \/><\/a><\/p>\n<blockquote><p>Zu den aktivsten und sichtbarsten  K\u00fcnstlern der Street-Art-Szene z\u00e4hlt <a href=\"http:\/\/www.elbocho.net\/\">El Bocho<\/a>.  Der studierte Graphiker und Illustrator kam \u00fcber das Graffiti zur Street Art und stellt die Kommunikation und Referenzen auf das urbane Leben in den Mittelpunkt seiner Arbeit. Durch subversives Eingreifen in das Stadtbild  sch\u00e4rft er den Blick auf die Relikte,  Erinnerungen und besonderen Momente einer Stadt. Alltags- und Gro\u00dfstadtthemen, mit denen der Betrachter sich identifizieren kann, bilden die Grundlage seiner k\u00fcnstlerischen Arbeit \u2013 humorvoll, direkt, explosiv und zumeist von verg\u00e4nglicher Sch\u00f6nheit.<\/p><\/blockquote>\n","protected":false},"excerpt":{"rendered":"<p>Eine Ausstellung der Projektgruppe artCore zur Rezeption von Kunst im \u00f6ffentlichen und privaten Raum Zu den aktivsten und sichtbarsten K\u00fcnstlern der Street-Art-Szene z\u00e4hlt El Bocho. Der studierte Graphiker und Illustrator kam \u00fcber das Graffiti zur Street Art und stellt die Kommunikation und Referenzen auf das urbane Leben in den Mittelpunkt seiner Arbeit. Durch subversives Eingreifen [&hellip;]<\/p>\n","protected":false},"author":1,"featured_media":0,"comment_status":"open","ping_status":"open","sticky":false,"template":"","format":"standard","meta":{"footnotes":""},"categories":[5],"tags":[273],"class_list":["post-1180","post","type-post","status-publish","format-standard","hentry","category-ausstellungen","tag-el-bocho"],"_links":{"self":[{"href":"https:\/\/mitue.de\/index.php?rest_route=\/wp\/v2\/posts\/1180","targetHints":{"allow":["GET"]}}],"collection":[{"href":"https:\/\/mitue.de\/index.php?rest_route=\/wp\/v2\/posts"}],"about":[{"href":"https:\/\/mitue.de\/index.php?rest_route=\/wp\/v2\/types\/post"}],"author":[{"embeddable":true,"href":"https:\/\/mitue.de\/index.php?rest_route=\/wp\/v2\/users\/1"}],"replies":[{"embeddable":true,"href":"https:\/\/mitue.de\/index.php?rest_route=%2Fwp%2Fv2%2Fcomments&post=1180"}],"version-history":[{"count":1,"href":"https:\/\/mitue.de\/index.php?rest_route=\/wp\/v2\/posts\/1180\/revisions"}],"predecessor-version":[{"id":1181,"href":"https:\/\/mitue.de\/index.php?rest_route=\/wp\/v2\/posts\/1180\/revisions\/1181"}],"wp:attachment":[{"href":"https:\/\/mitue.de\/index.php?rest_route=%2Fwp%2Fv2%2Fmedia&parent=1180"}],"wp:term":[{"taxonomy":"category","embeddable":true,"href":"https:\/\/mitue.de\/index.php?rest_route=%2Fwp%2Fv2%2Fcategories&post=1180"},{"taxonomy":"post_tag","embeddable":true,"href":"https:\/\/mitue.de\/index.php?rest_route=%2Fwp%2Fv2%2Ftags&post=1180"}],"curies":[{"name":"wp","href":"https:\/\/api.w.org\/{rel}","templated":true}]}}