{"id":119,"date":"2008-05-23T06:38:22","date_gmt":"2008-05-23T05:38:22","guid":{"rendered":"http:\/\/mitue.de\/?p=119"},"modified":"2008-05-23T06:38:22","modified_gmt":"2008-05-23T05:38:22","slug":"bb5-neue-nationalgalerie","status":"publish","type":"post","link":"https:\/\/mitue.de\/?p=119","title":{"rendered":"BB5 &#8211; Neue Nationalgalerie"},"content":{"rendered":"<p><a title=\"Faust by mitue, on Flickr\" href=\"http:\/\/www.flickr.com\/photos\/mitue\/2515716270\/\"><img loading=\"lazy\" decoding=\"async\" src=\"http:\/\/farm3.static.flickr.com\/2230\/2515716270_8cc3f64451.jpg\" border=\"0\" alt=\"Faust\" width=\"500\" height=\"333\" \/><\/a><\/p>\n<blockquote><p>Viele der sogenannten Rundg\u00e4nge an den Kunshochschulen sind spannender als das, was diese <a href=\"http:\/\/www.flickr.com\/search\/?s=int&amp;w=all&amp;q=%22Berlin+Biennale+5%22&amp;m=tags\">f\u00fcnfte berlin biennal<\/a>e zu bieten hat.<br \/>\n\u00a0&#8230;<br \/>\n\u00a0Auch der vor der [Neuen Nationalgalerie] platzierte graphische, n\u00e4mlich flache Witz, wohl als Skulptur prononciert, jene \u00e4rmliche, gleichwohl in \u00dcbergr\u00f6\u00dfe produzierte Solidarit\u00e4tsfaust zeugt von hohler Geste.<br \/>\n(Karlheinz Schmid in der Kunstzeitung 141\/Mai 2008)<\/p><\/blockquote>\n<p>Das\u00a0erinnert mich\u00a0noch an eine andere Faust fernab der Biennale. <a href=\"http:\/\/www.flickr.com\/search\/?w=73114945@N00&amp;q=Motzen&amp;m=text\">In Motzen gibt es neue Skulpturen.<\/a><\/p>\n<p><a title=\"Zeus by mitue, on Flickr\" href=\"http:\/\/www.flickr.com\/photos\/mitue\/2515720912\/\"><img loading=\"lazy\" decoding=\"async\" src=\"http:\/\/farm3.static.flickr.com\/2297\/2515720912_c34e4de762.jpg\" border=\"0\" alt=\"Zeus\" width=\"500\" height=\"333\" \/><\/a><\/p>\n","protected":false},"excerpt":{"rendered":"<p>Viele der sogenannten Rundg\u00e4nge an den Kunshochschulen sind spannender als das, was diese f\u00fcnfte berlin biennale zu bieten hat. \u00a0&#8230; \u00a0Auch der vor der [Neuen Nationalgalerie] platzierte graphische, n\u00e4mlich flache Witz, wohl als Skulptur prononciert, jene \u00e4rmliche, gleichwohl in \u00dcbergr\u00f6\u00dfe produzierte Solidarit\u00e4tsfaust zeugt von hohler Geste. (Karlheinz Schmid in der Kunstzeitung 141\/Mai 2008) Das\u00a0erinnert mich\u00a0noch [&hellip;]<\/p>\n","protected":false},"author":1,"featured_media":0,"comment_status":"open","ping_status":"open","sticky":false,"template":"","format":"standard","meta":{"footnotes":""},"categories":[5,7],"tags":[37],"class_list":["post-119","post","type-post","status-publish","format-standard","hentry","category-ausstellungen","category-jwd","tag-berlin-biennale"],"_links":{"self":[{"href":"https:\/\/mitue.de\/index.php?rest_route=\/wp\/v2\/posts\/119","targetHints":{"allow":["GET"]}}],"collection":[{"href":"https:\/\/mitue.de\/index.php?rest_route=\/wp\/v2\/posts"}],"about":[{"href":"https:\/\/mitue.de\/index.php?rest_route=\/wp\/v2\/types\/post"}],"author":[{"embeddable":true,"href":"https:\/\/mitue.de\/index.php?rest_route=\/wp\/v2\/users\/1"}],"replies":[{"embeddable":true,"href":"https:\/\/mitue.de\/index.php?rest_route=%2Fwp%2Fv2%2Fcomments&post=119"}],"version-history":[{"count":0,"href":"https:\/\/mitue.de\/index.php?rest_route=\/wp\/v2\/posts\/119\/revisions"}],"wp:attachment":[{"href":"https:\/\/mitue.de\/index.php?rest_route=%2Fwp%2Fv2%2Fmedia&parent=119"}],"wp:term":[{"taxonomy":"category","embeddable":true,"href":"https:\/\/mitue.de\/index.php?rest_route=%2Fwp%2Fv2%2Fcategories&post=119"},{"taxonomy":"post_tag","embeddable":true,"href":"https:\/\/mitue.de\/index.php?rest_route=%2Fwp%2Fv2%2Ftags&post=119"}],"curies":[{"name":"wp","href":"https:\/\/api.w.org\/{rel}","templated":true}]}}