{"id":12,"date":"2008-01-10T16:58:57","date_gmt":"2008-01-10T15:58:57","guid":{"rendered":"http:\/\/mitue.de\/?p=12"},"modified":"2008-01-10T16:59:33","modified_gmt":"2008-01-10T15:59:33","slug":"henriette-und-friedrich-wilhelm","status":"publish","type":"post","link":"https:\/\/mitue.de\/?p=12","title":{"rendered":"Henriette und Friedrich Wilhelm"},"content":{"rendered":"<p><a href=\"http:\/\/www.flickr.com\/photos\/mitue\/2182565723\/\" title=\"Henriette by mitue, on Flickr\"><img loading=\"lazy\" decoding=\"async\" border=\"0\" width=\"500\" src=\"http:\/\/farm3.static.flickr.com\/2228\/2182565723_5b22ac98d0.jpg\" alt=\"Henriette\" height=\"333\" \/><\/a><\/p>\n<p>Auf dem Henriettenplatz in Wilmersdorf steht ein Obelisk aus dem Jahre 1988. An ihm sind Portr\u00e4treliefs der <a href=\"http:\/\/www.preussen-chronik.de\/_\/person_jsp\/key=person_louise+henriette+von_nassau-oranien.html\">Prinzessin Louise Henriette von Oranien-Nassau<\/a> (1627 &#8211; 1667) und ihres Mannes, des <a href=\"http:\/\/www.diegeschichteberlins.de\/geschichteberlins\/persoenlichkeiten\/persoenlichkeiteag\/friedrichwilhelm.html\">Gro\u00dfen Kurf\u00fcrsten Friedrich Wilhelm<\/a> (1620 &#8211; 1688), angebracht. Beide hatten 1646 in Den Haag geheiratet. Der Platz ist schon seit 1892 nach der Prinzessin benannt.<br \/>\nDie Reliefs sind Abg\u00fcsse nach Originalen von <a href=\"http:\/\/www.rijksmuseum.nl\/aria\/aria_artists\/00018478?lang=nl\">Francois Dieussart<\/a> (um 1600 &#8211; 1661).<\/p>\n","protected":false},"excerpt":{"rendered":"<p>Auf dem Henriettenplatz in Wilmersdorf steht ein Obelisk aus dem Jahre 1988. An ihm sind Portr\u00e4treliefs der Prinzessin Louise Henriette von Oranien-Nassau (1627 &#8211; 1667) und ihres Mannes, des Gro\u00dfen Kurf\u00fcrsten Friedrich Wilhelm (1620 &#8211; 1688), angebracht. Beide hatten 1646 in Den Haag geheiratet. Der Platz ist schon seit 1892 nach der Prinzessin benannt. Die [&hellip;]<\/p>\n","protected":false},"author":1,"featured_media":0,"comment_status":"open","ping_status":"open","sticky":false,"template":"","format":"standard","meta":{"footnotes":""},"categories":[3],"tags":[],"class_list":["post-12","post","type-post","status-publish","format-standard","hentry","category-kunst-im-offentlichen-raum"],"_links":{"self":[{"href":"https:\/\/mitue.de\/index.php?rest_route=\/wp\/v2\/posts\/12","targetHints":{"allow":["GET"]}}],"collection":[{"href":"https:\/\/mitue.de\/index.php?rest_route=\/wp\/v2\/posts"}],"about":[{"href":"https:\/\/mitue.de\/index.php?rest_route=\/wp\/v2\/types\/post"}],"author":[{"embeddable":true,"href":"https:\/\/mitue.de\/index.php?rest_route=\/wp\/v2\/users\/1"}],"replies":[{"embeddable":true,"href":"https:\/\/mitue.de\/index.php?rest_route=%2Fwp%2Fv2%2Fcomments&post=12"}],"version-history":[{"count":0,"href":"https:\/\/mitue.de\/index.php?rest_route=\/wp\/v2\/posts\/12\/revisions"}],"wp:attachment":[{"href":"https:\/\/mitue.de\/index.php?rest_route=%2Fwp%2Fv2%2Fmedia&parent=12"}],"wp:term":[{"taxonomy":"category","embeddable":true,"href":"https:\/\/mitue.de\/index.php?rest_route=%2Fwp%2Fv2%2Fcategories&post=12"},{"taxonomy":"post_tag","embeddable":true,"href":"https:\/\/mitue.de\/index.php?rest_route=%2Fwp%2Fv2%2Ftags&post=12"}],"curies":[{"name":"wp","href":"https:\/\/api.w.org\/{rel}","templated":true}]}}