{"id":1221,"date":"2010-05-24T18:37:42","date_gmt":"2010-05-24T17:37:42","guid":{"rendered":"http:\/\/mitue.de\/?p=1221"},"modified":"2010-05-24T18:37:42","modified_gmt":"2010-05-24T17:37:42","slug":"gefuhl-ist-privatsache","status":"publish","type":"post","link":"https:\/\/mitue.de\/?p=1221","title":{"rendered":"Gef\u00fchl ist Privatsache"},"content":{"rendered":"<p><a href=\"http:\/\/www.smb.museum\/smb\/kalender\/details.php?lang=de&amp;objID=16758&amp;typeId=10\">Verismus und Neue Sachlichkeit <\/a><\/p>\n<p><a title=\"Abschied von mitue bei Flickr\" href=\"http:\/\/www.flickr.com\/photos\/mitue\/4635685001\/\"><img loading=\"lazy\" decoding=\"async\" src=\"http:\/\/farm5.static.flickr.com\/4045\/4635685001_ed1cbbd57f_o.jpg\" alt=\"Abschied\" width=\"219\" height=\"500\" \/><\/a><br \/>\nHermann Nonnenmacher, Abschied 1928<\/p>\n<blockquote><p>Irgendwann erlebt jeder Mensch diesen Augenblick, diesen ohnm\u00e4chtigen Schmerz des Unabwendbaren.<br \/>\nEben waren sie noch eins. Jetzt l\u00f6st sich ein St\u00fcck von dem anderen. Das Gesicht der Verlassenen ist flach und formlos vor Kummer, ihre Arme sind haltsuchend an den erstarrten K\u00f6rper gepresst, die Schultern in weher Angst hochgezogen. Kein Gedanke mehr, nur noch dieser Blick, minuti\u00f6s genau das Unfassbare erfassend: wie er den Kopf abwendet, den Fu\u00df spannt zum ersten Schritt, der den Abstand schafft, die Trennung endg\u00fcltig vollzieht.<br \/>\nAbschied.<br \/>\n(Margot Pfannstiel)<\/p><\/blockquote>\n","protected":false},"excerpt":{"rendered":"<p>Verismus und Neue Sachlichkeit Hermann Nonnenmacher, Abschied 1928 Irgendwann erlebt jeder Mensch diesen Augenblick, diesen ohnm\u00e4chtigen Schmerz des Unabwendbaren. Eben waren sie noch eins. Jetzt l\u00f6st sich ein St\u00fcck von dem anderen. Das Gesicht der Verlassenen ist flach und formlos vor Kummer, ihre Arme sind haltsuchend an den erstarrten K\u00f6rper gepresst, die Schultern in weher [&hellip;]<\/p>\n","protected":false},"author":1,"featured_media":0,"comment_status":"open","ping_status":"open","sticky":false,"template":"","format":"standard","meta":{"footnotes":""},"categories":[5],"tags":[],"class_list":["post-1221","post","type-post","status-publish","format-standard","hentry","category-ausstellungen"],"_links":{"self":[{"href":"https:\/\/mitue.de\/index.php?rest_route=\/wp\/v2\/posts\/1221","targetHints":{"allow":["GET"]}}],"collection":[{"href":"https:\/\/mitue.de\/index.php?rest_route=\/wp\/v2\/posts"}],"about":[{"href":"https:\/\/mitue.de\/index.php?rest_route=\/wp\/v2\/types\/post"}],"author":[{"embeddable":true,"href":"https:\/\/mitue.de\/index.php?rest_route=\/wp\/v2\/users\/1"}],"replies":[{"embeddable":true,"href":"https:\/\/mitue.de\/index.php?rest_route=%2Fwp%2Fv2%2Fcomments&post=1221"}],"version-history":[{"count":1,"href":"https:\/\/mitue.de\/index.php?rest_route=\/wp\/v2\/posts\/1221\/revisions"}],"predecessor-version":[{"id":1222,"href":"https:\/\/mitue.de\/index.php?rest_route=\/wp\/v2\/posts\/1221\/revisions\/1222"}],"wp:attachment":[{"href":"https:\/\/mitue.de\/index.php?rest_route=%2Fwp%2Fv2%2Fmedia&parent=1221"}],"wp:term":[{"taxonomy":"category","embeddable":true,"href":"https:\/\/mitue.de\/index.php?rest_route=%2Fwp%2Fv2%2Fcategories&post=1221"},{"taxonomy":"post_tag","embeddable":true,"href":"https:\/\/mitue.de\/index.php?rest_route=%2Fwp%2Fv2%2Ftags&post=1221"}],"curies":[{"name":"wp","href":"https:\/\/api.w.org\/{rel}","templated":true}]}}