{"id":1316,"date":"2010-07-20T18:55:12","date_gmt":"2010-07-20T17:55:12","guid":{"rendered":"http:\/\/mitue.de\/?p=1316"},"modified":"2010-07-20T18:55:12","modified_gmt":"2010-07-20T17:55:12","slug":"reiterstandbild-friedrich-wilhelm-iv","status":"publish","type":"post","link":"https:\/\/mitue.de\/?p=1316","title":{"rendered":"Reiterstandbild Friedrich Wilhelm IV."},"content":{"rendered":"<p><a href=\"http:\/\/www.flickr.com\/photos\/mitue\/4812981026\/\" title=\"FWIv von mitue bei Flickr\"><img loading=\"lazy\" decoding=\"async\" src=\"http:\/\/farm5.static.flickr.com\/4074\/4812981026_fbe180d045.jpg\" width=\"500\" height=\"333\" alt=\"FWIv\" \/><\/a><\/p>\n<p><a href=\"http:\/\/www.flickr.com\/photos\/mitue\/4812983856\/\" title=\"SR von mitue bei Flickr\"><img loading=\"lazy\" decoding=\"async\" src=\"http:\/\/farm5.static.flickr.com\/4078\/4812983856_0a5f113ca4.jpg\" width=\"500\" height=\"195\" alt=\"SR\" \/><\/a><\/p>\n<p><a href=\"http:\/\/www.flickr.com\/photos\/mitue\/4757996110\/\" title=\"ANG3 von mitue bei Flickr\"><img loading=\"lazy\" decoding=\"async\" src=\"http:\/\/farm5.static.flickr.com\/4138\/4757996110_a0d450836f.jpg\" width=\"500\" height=\"333\" alt=\"ANG3\" \/><\/a><\/p>\n<blockquote><p>Am 10. 6. 1886 erfolgte die Enth\u00fcllung des Reiterdenkmals auf einem Podest der Freitreppe der  Nationalgalerie, deren Bau der K\u00f6nig initiiert hatte. Alexander  Calandrelli stellte  <a href=\"http:\/\/www.deutsche-biographie.de\/artikelNDB_n05-563-01.html\">Friedrich Wilhelm IV.<\/a> als Friedensf\u00fcrsten und Besch\u00fctzer der K\u00fcnste dar: Der K\u00f6nig sitzt, in einen Hermelinmantel gekleidet, auf einem Pferd, dessen Z\u00fcgel er mit beiden H\u00e4nden fasst. Das Reiterdenkmal aus Bronze mi\u00dft 4,71m, der Granitsockel ist 4,50 m hoch. An den Ecken des Sockels plazierte der Bildhauer vier weibliche Figuren, die Religion, Geschichte, Philosophie und Dichtkunst symbolisieren. Zwischen den Figuren schm\u00fccken Reliefs den Sockel. Dargestellt sind hier u. a. der K\u00f6lner Dom, mit dessen Ausbau unter dem Monarchen wieder begonnen wurde und das ebenfalls in seiner Amtszeit fertiggestellte  Friedrich-II.-Denkmal. Das F. steht unter Denkmalschutz. (<a href=\"http:\/\/www.luise-berlin.de\/lexikon\/mitte\/f\/friedrich_wilhelm_iv_denkmal.htm\">Quelle<\/a>)<\/p><\/blockquote>\n","protected":false},"excerpt":{"rendered":"<p>Am 10. 6. 1886 erfolgte die Enth\u00fcllung des Reiterdenkmals auf einem Podest der Freitreppe der Nationalgalerie, deren Bau der K\u00f6nig initiiert hatte. Alexander Calandrelli stellte Friedrich Wilhelm IV. als Friedensf\u00fcrsten und Besch\u00fctzer der K\u00fcnste dar: Der K\u00f6nig sitzt, in einen Hermelinmantel gekleidet, auf einem Pferd, dessen Z\u00fcgel er mit beiden H\u00e4nden fasst. Das Reiterdenkmal aus [&hellip;]<\/p>\n","protected":false},"author":1,"featured_media":0,"comment_status":"open","ping_status":"open","sticky":false,"template":"","format":"standard","meta":{"footnotes":""},"categories":[3],"tags":[303],"class_list":["post-1316","post","type-post","status-publish","format-standard","hentry","category-kunst-im-offentlichen-raum","tag-alte-nationalgalerie"],"_links":{"self":[{"href":"https:\/\/mitue.de\/index.php?rest_route=\/wp\/v2\/posts\/1316","targetHints":{"allow":["GET"]}}],"collection":[{"href":"https:\/\/mitue.de\/index.php?rest_route=\/wp\/v2\/posts"}],"about":[{"href":"https:\/\/mitue.de\/index.php?rest_route=\/wp\/v2\/types\/post"}],"author":[{"embeddable":true,"href":"https:\/\/mitue.de\/index.php?rest_route=\/wp\/v2\/users\/1"}],"replies":[{"embeddable":true,"href":"https:\/\/mitue.de\/index.php?rest_route=%2Fwp%2Fv2%2Fcomments&post=1316"}],"version-history":[{"count":1,"href":"https:\/\/mitue.de\/index.php?rest_route=\/wp\/v2\/posts\/1316\/revisions"}],"predecessor-version":[{"id":1317,"href":"https:\/\/mitue.de\/index.php?rest_route=\/wp\/v2\/posts\/1316\/revisions\/1317"}],"wp:attachment":[{"href":"https:\/\/mitue.de\/index.php?rest_route=%2Fwp%2Fv2%2Fmedia&parent=1316"}],"wp:term":[{"taxonomy":"category","embeddable":true,"href":"https:\/\/mitue.de\/index.php?rest_route=%2Fwp%2Fv2%2Fcategories&post=1316"},{"taxonomy":"post_tag","embeddable":true,"href":"https:\/\/mitue.de\/index.php?rest_route=%2Fwp%2Fv2%2Ftags&post=1316"}],"curies":[{"name":"wp","href":"https:\/\/api.w.org\/{rel}","templated":true}]}}