{"id":1416,"date":"2010-08-31T18:59:07","date_gmt":"2010-08-31T17:59:07","guid":{"rendered":"http:\/\/mitue.de\/?p=1416"},"modified":"2010-08-31T18:59:42","modified_gmt":"2010-08-31T17:59:42","slug":"auf-wiedersehen-kunsthalle","status":"publish","type":"post","link":"https:\/\/mitue.de\/?p=1416","title":{"rendered":"Auf Wiedersehen (?), Kunsthalle!"},"content":{"rendered":"<p><a href=\"http:\/\/www.flickr.com\/photos\/mitue\/4945283955\/\" title=\"Kunsthallenraum von mitue bei Flickr\"><img loading=\"lazy\" decoding=\"async\" src=\"http:\/\/farm5.static.flickr.com\/4092\/4945283955_e1d066563f.jpg\" width=\"500\" height=\"342\" alt=\"Kunsthallenraum\" \/><\/a><\/p>\n<blockquote><p>Die Tempor\u00e4re Kunsthalle Berlin hat nach Ansicht von Gerald Matt, dem Direktor der Wiener Kunsthalle, ein wichtiges Zeichen f\u00fcr zeitgen\u00f6ssische Kunst gesetzt: &#8222;Es geht um das Grunds\u00e4tzliche, n\u00e4mlich eine Diskussion auszul\u00f6sen \u00fcber die Rolle zeitgen\u00f6ssischer Kunst f\u00fcr Berlin und in Berlin.&#8220; Das Projekt habe bewiesen, dass neben den gro\u00dfen &#8222;Museumstankern&#8220; auch eine Art &#8222;Schnellboot&#8220;, mit dem man flexibel reagieren k\u00f6nne, f\u00fcr die Kunstszene der Stadt von gro\u00dfem Nutzen ist.<br \/>\n(mehr <a href=\"http:\/\/www.dradio.de\/dkultur\/sendungen\/fazit\/1261722\/\">hier<\/a>)<\/p><\/blockquote>\n<p><a href=\"http:\/\/www.flickr.com\/photos\/mitue\/4945281505\/\" title=\"Kunsthalle von mitue bei Flickr\"><img loading=\"lazy\" decoding=\"async\" src=\"http:\/\/farm5.static.flickr.com\/4133\/4945281505_0b66deb5e4.jpg\" width=\"500\" height=\"341\" alt=\"Kunsthalle\" \/><\/a><\/p>\n<p><a href=\"http:\/\/www.flickr.com\/photos\/mitue\/4945867090\/\" title=\"Kunsthalle von mitue bei Flickr\"><img loading=\"lazy\" decoding=\"async\" src=\"http:\/\/farm5.static.flickr.com\/4148\/4945867090_c36fb5f54a.jpg\" width=\"500\" height=\"341\" alt=\"Kunsthalle\" \/><\/a><\/p>\n<blockquote><p>Der Regierende B\u00fcrgermeister Klaus Wowereit hat grunds\u00e4tzlich seinen Willen kundgetan, eine Kunsthalle in Berlin zu erm\u00f6glichen &#8211; die konkreten Umsetzungsfragen werden die Stadt aber noch eine Weile besch\u00e4ftigen, naturgem\u00e4\u00df ist die Frage des k\u00fcnftigen Standorts sehr umstritten. Ein weiteres Provisorium ist deswegen nicht auszuschlie\u00dfen, und die Pessimisten schlie\u00dfen schon Wetten dar\u00fcber ab, was sich l\u00e4nger verz\u00f6gern wird: der Neubau des Stadtschlosses in seiner historischen Fassade oder die Errichtung einer Kunsthalle f\u00fcr Berlin.<br \/>\n(mehr <a href=\"http:\/\/derstandard.at\/1282978611257\/Berlin-Die-neue-Kunst-Leerstelle-nach-der-Zwischennutzung\">hier<\/a>)<\/p><\/blockquote>\n<p><a href=\"http:\/\/www.flickr.com\/photos\/mitue\/3184671415\/\" title=\"openclose von mitue bei Flickr\"><img loading=\"lazy\" decoding=\"async\" src=\"http:\/\/farm4.static.flickr.com\/3384\/3184671415_855d060bd5.jpg\" width=\"412\" height=\"500\" alt=\"openclose\" \/><\/a><\/p>\n","protected":false},"excerpt":{"rendered":"<p>Die Tempor\u00e4re Kunsthalle Berlin hat nach Ansicht von Gerald Matt, dem Direktor der Wiener Kunsthalle, ein wichtiges Zeichen f\u00fcr zeitgen\u00f6ssische Kunst gesetzt: &#8222;Es geht um das Grunds\u00e4tzliche, n\u00e4mlich eine Diskussion auszul\u00f6sen \u00fcber die Rolle zeitgen\u00f6ssischer Kunst f\u00fcr Berlin und in Berlin.&#8220; Das Projekt habe bewiesen, dass neben den gro\u00dfen &#8222;Museumstankern&#8220; auch eine Art &#8222;Schnellboot&#8220;, mit [&hellip;]<\/p>\n","protected":false},"author":1,"featured_media":0,"comment_status":"open","ping_status":"closed","sticky":false,"template":"","format":"standard","meta":{"footnotes":""},"categories":[5],"tags":[317],"class_list":["post-1416","post","type-post","status-publish","format-standard","hentry","category-ausstellungen","tag-kunsthalle"],"_links":{"self":[{"href":"https:\/\/mitue.de\/index.php?rest_route=\/wp\/v2\/posts\/1416","targetHints":{"allow":["GET"]}}],"collection":[{"href":"https:\/\/mitue.de\/index.php?rest_route=\/wp\/v2\/posts"}],"about":[{"href":"https:\/\/mitue.de\/index.php?rest_route=\/wp\/v2\/types\/post"}],"author":[{"embeddable":true,"href":"https:\/\/mitue.de\/index.php?rest_route=\/wp\/v2\/users\/1"}],"replies":[{"embeddable":true,"href":"https:\/\/mitue.de\/index.php?rest_route=%2Fwp%2Fv2%2Fcomments&post=1416"}],"version-history":[{"count":2,"href":"https:\/\/mitue.de\/index.php?rest_route=\/wp\/v2\/posts\/1416\/revisions"}],"predecessor-version":[{"id":1418,"href":"https:\/\/mitue.de\/index.php?rest_route=\/wp\/v2\/posts\/1416\/revisions\/1418"}],"wp:attachment":[{"href":"https:\/\/mitue.de\/index.php?rest_route=%2Fwp%2Fv2%2Fmedia&parent=1416"}],"wp:term":[{"taxonomy":"category","embeddable":true,"href":"https:\/\/mitue.de\/index.php?rest_route=%2Fwp%2Fv2%2Fcategories&post=1416"},{"taxonomy":"post_tag","embeddable":true,"href":"https:\/\/mitue.de\/index.php?rest_route=%2Fwp%2Fv2%2Ftags&post=1416"}],"curies":[{"name":"wp","href":"https:\/\/api.w.org\/{rel}","templated":true}]}}