{"id":1487,"date":"2010-09-27T17:17:47","date_gmt":"2010-09-27T16:17:47","guid":{"rendered":"http:\/\/mitue.de\/?p=1487"},"modified":"2010-09-27T17:17:47","modified_gmt":"2010-09-27T16:17:47","slug":"herbst-trostet","status":"publish","type":"post","link":"https:\/\/mitue.de\/?p=1487","title":{"rendered":"Herbst tr\u00f6stet"},"content":{"rendered":"<p><a href=\"http:\/\/www.flickr.com\/photos\/mitue\/2096766253\/\" title=\"Nass von mitue bei Flickr\"><img loading=\"lazy\" decoding=\"async\" src=\"http:\/\/farm3.static.flickr.com\/2040\/2096766253_c849b63594.jpg\" width=\"500\" height=\"418\" alt=\"Nass\" \/><\/a><\/p>\n<blockquote><p>Sommer<\/p>\n<p>Von allen Jahreszeiten ist<br \/>\nDer Sommer mir die schwerste.<br \/>\nWas habe ich denn nur vermi\u00dft?<br \/>\nHerbst tr\u00f6stet dann f\u00fcr&#8217;s erste.<\/p>\n<p>Im August mit seinen schweren Feldern<br \/>\nwerden Sternschnuppen geboren<br \/>\n\u00dcber Ostseewellen und dichten W\u00e4ldern,<br \/>\nAber ich f\u00fchle mich verloren.<\/p>\n<p>Weil ich so oft alleine bin<br \/>\nIn diesen Tagen mit ihrer Hitze?<br \/>\nDie, die ich mag, wo sind die hin?<br \/>\nIch suche Rausch und schwitze.<\/p>\n<p>Bringt dann September Linderung<br \/>\nUnd goldener Oktober dasselbe,<br \/>\nUnd der Tage merkliche Minderung,<br \/>\nSehne ich mich an die Elbe.<\/p>\n<p>(J\u00fcrgen Berlin)\n<\/p><\/blockquote>\n<p><a href=\"http:\/\/www.flickr.com\/photos\/mitue\/4957038905\/\" title=\"Im Wedding von mitue bei Flickr\"><img loading=\"lazy\" decoding=\"async\" src=\"http:\/\/farm5.static.flickr.com\/4123\/4957038905_b377f6094a.jpg\" width=\"500\" height=\"333\" alt=\"Im Wedding\" \/><\/a><\/p>\n","protected":false},"excerpt":{"rendered":"<p>Sommer Von allen Jahreszeiten ist Der Sommer mir die schwerste. Was habe ich denn nur vermi\u00dft? Herbst tr\u00f6stet dann f\u00fcr&#8217;s erste. Im August mit seinen schweren Feldern werden Sternschnuppen geboren \u00dcber Ostseewellen und dichten W\u00e4ldern, Aber ich f\u00fchle mich verloren. Weil ich so oft alleine bin In diesen Tagen mit ihrer Hitze? Die, die ich [&hellip;]<\/p>\n","protected":false},"author":1,"featured_media":0,"comment_status":"open","ping_status":"closed","sticky":false,"template":"","format":"standard","meta":{"footnotes":""},"categories":[4],"tags":[315,237],"class_list":["post-1487","post","type-post","status-publish","format-standard","hentry","category-berlin","tag-jurgen-berlin","tag-lyrik"],"_links":{"self":[{"href":"https:\/\/mitue.de\/index.php?rest_route=\/wp\/v2\/posts\/1487","targetHints":{"allow":["GET"]}}],"collection":[{"href":"https:\/\/mitue.de\/index.php?rest_route=\/wp\/v2\/posts"}],"about":[{"href":"https:\/\/mitue.de\/index.php?rest_route=\/wp\/v2\/types\/post"}],"author":[{"embeddable":true,"href":"https:\/\/mitue.de\/index.php?rest_route=\/wp\/v2\/users\/1"}],"replies":[{"embeddable":true,"href":"https:\/\/mitue.de\/index.php?rest_route=%2Fwp%2Fv2%2Fcomments&post=1487"}],"version-history":[{"count":1,"href":"https:\/\/mitue.de\/index.php?rest_route=\/wp\/v2\/posts\/1487\/revisions"}],"predecessor-version":[{"id":1488,"href":"https:\/\/mitue.de\/index.php?rest_route=\/wp\/v2\/posts\/1487\/revisions\/1488"}],"wp:attachment":[{"href":"https:\/\/mitue.de\/index.php?rest_route=%2Fwp%2Fv2%2Fmedia&parent=1487"}],"wp:term":[{"taxonomy":"category","embeddable":true,"href":"https:\/\/mitue.de\/index.php?rest_route=%2Fwp%2Fv2%2Fcategories&post=1487"},{"taxonomy":"post_tag","embeddable":true,"href":"https:\/\/mitue.de\/index.php?rest_route=%2Fwp%2Fv2%2Ftags&post=1487"}],"curies":[{"name":"wp","href":"https:\/\/api.w.org\/{rel}","templated":true}]}}