{"id":15,"date":"2008-01-13T19:28:04","date_gmt":"2008-01-13T18:28:04","guid":{"rendered":"http:\/\/mitue.de\/?p=15"},"modified":"2008-01-16T10:39:57","modified_gmt":"2008-01-16T09:39:57","slug":"der-spaziergang","status":"publish","type":"post","link":"https:\/\/mitue.de\/?p=15","title":{"rendered":"Der Spaziergang"},"content":{"rendered":"<blockquote><p>Am 13. September 1806 wird <a href=\"http:\/\/www.hoelderlin-gesellschaft.de\/\">H\u00f6lderlin<\/a> unter Gewaltanwendung von Bad Homburg vor der H\u00f6he nach T\u00fcbingen, ins Autenriethsche Klinikum abtransportiert. Der letzte Eintrag, am 21. Oktober 1806, ins Rezeptbuch der Autenriethschen Klinik, bevor H\u00f6lderlin (im Fr\u00fchjahr 1807) in private Pflege entlassen wird, verzeichnet ein einziges Wort: <em>Spazierengehen<\/em>.<br \/>\n(Thomas Schestag in: Promenaden in: <a href=\"http:\/\/www.boehlau.de\/buchdetail.asp?ISBN=3-412-20021-2\">KOPFlandschaften LandschaftsG\u00c4NGE<\/a> &#8211; Kulturgeschichte und Poetik des Spaziergangs, B\u00f6hlau 2007)<\/p><\/blockquote>\n<p><a href=\"http:\/\/www.flickr.com\/photos\/mitue\/2190360820\/\" title=\"Leiter by mitue, on Flickr\"><img loading=\"lazy\" decoding=\"async\" border=\"0\" width=\"500\" src=\"http:\/\/farm3.static.flickr.com\/2153\/2190360820_28afb4ca99.jpg\" alt=\"Leiter\" height=\"333\" \/><\/a><\/p>\n<blockquote><p>Der Spaziergang<br \/>\n(H\u00f6lderlin)<\/p>\n<p>Ihr W\u00e4lder sch\u00f6n an der Seite,<br \/>\nAm gr\u00fcnen Abhang gemahlt,<br \/>\nWo ich umher mich leite,<br \/>\nDurch s\u00fc\u00dfe Ruhe bezahlt<br \/>\nF\u00fcr jeden Stachel im Herzen,<br \/>\nWenn dunkel mir ist der Sinn,<br \/>\nDen Kunst und Sinnen hat Schmerzen<br \/>\nGekostet von Anbeginn.<br \/>\nIhr lieblichen Bilder im Thale,<br \/>\nZum Beispiel G\u00e4rten und Baum,<br \/>\nUnd dann der Steg der schmale,<br \/>\nDer Bach zu sehen kaum,<br \/>\nWie sch\u00f6n aus heiterer Ferne<br \/>\nGl\u00e4nzt einem das herrliche Bild<br \/>\nDer Lanschaft, die ich gerne<br \/>\nBesuch&#8216; in Witterung mild.<br \/>\nDie Gottheit freundlich geleitet<br \/>\nUns erstlich mit Blau,<br \/>\nHernach mit Wolken bereitet,<br \/>\nGebildet w\u00f6lbig und grau,<br \/>\nMit sengenden Blitzen und Rollen<br \/>\nDes Donners, mit Reiz des Gefilds,<br \/>\nMit Sch\u00f6nheit, die gequollen<br \/>\nVom Quell urspr\u00fcnglichen Bilds.<\/p><\/blockquote>\n","protected":false},"excerpt":{"rendered":"<p>Am 13. September 1806 wird H\u00f6lderlin unter Gewaltanwendung von Bad Homburg vor der H\u00f6he nach T\u00fcbingen, ins Autenriethsche Klinikum abtransportiert. Der letzte Eintrag, am 21. Oktober 1806, ins Rezeptbuch der Autenriethschen Klinik, bevor H\u00f6lderlin (im Fr\u00fchjahr 1807) in private Pflege entlassen wird, verzeichnet ein einziges Wort: Spazierengehen. (Thomas Schestag in: Promenaden in: KOPFlandschaften LandschaftsG\u00c4NGE &#8211; [&hellip;]<\/p>\n","protected":false},"author":1,"featured_media":0,"comment_status":"open","ping_status":"open","sticky":false,"template":"","format":"standard","meta":{"footnotes":""},"categories":[6],"tags":[15],"class_list":["post-15","post","type-post","status-publish","format-standard","hentry","category-promenadologie","tag-zitat"],"_links":{"self":[{"href":"https:\/\/mitue.de\/index.php?rest_route=\/wp\/v2\/posts\/15","targetHints":{"allow":["GET"]}}],"collection":[{"href":"https:\/\/mitue.de\/index.php?rest_route=\/wp\/v2\/posts"}],"about":[{"href":"https:\/\/mitue.de\/index.php?rest_route=\/wp\/v2\/types\/post"}],"author":[{"embeddable":true,"href":"https:\/\/mitue.de\/index.php?rest_route=\/wp\/v2\/users\/1"}],"replies":[{"embeddable":true,"href":"https:\/\/mitue.de\/index.php?rest_route=%2Fwp%2Fv2%2Fcomments&post=15"}],"version-history":[{"count":0,"href":"https:\/\/mitue.de\/index.php?rest_route=\/wp\/v2\/posts\/15\/revisions"}],"wp:attachment":[{"href":"https:\/\/mitue.de\/index.php?rest_route=%2Fwp%2Fv2%2Fmedia&parent=15"}],"wp:term":[{"taxonomy":"category","embeddable":true,"href":"https:\/\/mitue.de\/index.php?rest_route=%2Fwp%2Fv2%2Fcategories&post=15"},{"taxonomy":"post_tag","embeddable":true,"href":"https:\/\/mitue.de\/index.php?rest_route=%2Fwp%2Fv2%2Ftags&post=15"}],"curies":[{"name":"wp","href":"https:\/\/api.w.org\/{rel}","templated":true}]}}