{"id":1502,"date":"2010-10-07T19:29:51","date_gmt":"2010-10-07T18:29:51","guid":{"rendered":"http:\/\/mitue.de\/?p=1502"},"modified":"2010-10-07T19:29:51","modified_gmt":"2010-10-07T18:29:51","slug":"7-berliner-kunstsalon","status":"publish","type":"post","link":"https:\/\/mitue.de\/?p=1502","title":{"rendered":"7. Berliner Kunstsalon"},"content":{"rendered":"<blockquote><p>Im Herbst bl\u00fcht in Berlin die Kunst. Mit international gesch\u00e4tzten K\u00fcnstlern pr\u00e4sentiert sich der <a href=\"http:\/\/www.7-berlinerkunstsalon.com\/\">7. BERLINER KUNSTSALON<\/a> im einzigartigen Kulturdenkmal der a.station, an der Landsberger Allee 104.<\/p>\n<p>Ankn\u00fcpfend an die Erfolge der letzten Jahre befindet sich der BERLINER KUNSTSALON auch in diesem Jahr auf einer au\u00dfergew\u00f6hnlichen Ausstellungsfl\u00e4che: Unter der Leitung von Roland Kl\u00fcmpen werden \u00fcber 100 K\u00fcnstler ihre Werke im ehemaligen, bereits 1881 entstandenen, Zentralvieh- und Schlachthof zeigen. Das einzigartige Konzept der Ausstellung lockt jedes Jahr weit \u00fcber 12.000 Interessierte, Kunstliebhaber, Galeristen und Sammler an.\n<\/p><\/blockquote>\n<p><a href=\"http:\/\/www.flickr.com\/photos\/mitue\/5059877223\/\" title=\"Kunstsalon1 von mitue bei Flickr\"><img loading=\"lazy\" decoding=\"async\" src=\"http:\/\/farm5.static.flickr.com\/4088\/5059877223_b364c71355.jpg\" width=\"500\" height=\"333\" alt=\"Kunstsalon1\" \/><\/a><\/p>\n<p><a href=\"http:\/\/www.flickr.com\/photos\/mitue\/5059877863\/\" title=\"Kunstsalon2 von mitue bei Flickr\"><img loading=\"lazy\" decoding=\"async\" src=\"http:\/\/farm5.static.flickr.com\/4132\/5059877863_a58d7f6a22.jpg\" width=\"500\" height=\"334\" alt=\"Kunstsalon2\" \/><\/a><\/p>\n","protected":false},"excerpt":{"rendered":"<p>Im Herbst bl\u00fcht in Berlin die Kunst. Mit international gesch\u00e4tzten K\u00fcnstlern pr\u00e4sentiert sich der 7. BERLINER KUNSTSALON im einzigartigen Kulturdenkmal der a.station, an der Landsberger Allee 104. Ankn\u00fcpfend an die Erfolge der letzten Jahre befindet sich der BERLINER KUNSTSALON auch in diesem Jahr auf einer au\u00dfergew\u00f6hnlichen Ausstellungsfl\u00e4che: Unter der Leitung von Roland Kl\u00fcmpen werden \u00fcber [&hellip;]<\/p>\n","protected":false},"author":1,"featured_media":0,"comment_status":"open","ping_status":"closed","sticky":false,"template":"","format":"standard","meta":{"footnotes":""},"categories":[5],"tags":[324,189],"class_list":["post-1502","post","type-post","status-publish","format-standard","hentry","category-ausstellungen","tag-kunstherbst","tag-messe"],"_links":{"self":[{"href":"https:\/\/mitue.de\/index.php?rest_route=\/wp\/v2\/posts\/1502","targetHints":{"allow":["GET"]}}],"collection":[{"href":"https:\/\/mitue.de\/index.php?rest_route=\/wp\/v2\/posts"}],"about":[{"href":"https:\/\/mitue.de\/index.php?rest_route=\/wp\/v2\/types\/post"}],"author":[{"embeddable":true,"href":"https:\/\/mitue.de\/index.php?rest_route=\/wp\/v2\/users\/1"}],"replies":[{"embeddable":true,"href":"https:\/\/mitue.de\/index.php?rest_route=%2Fwp%2Fv2%2Fcomments&post=1502"}],"version-history":[{"count":1,"href":"https:\/\/mitue.de\/index.php?rest_route=\/wp\/v2\/posts\/1502\/revisions"}],"predecessor-version":[{"id":1503,"href":"https:\/\/mitue.de\/index.php?rest_route=\/wp\/v2\/posts\/1502\/revisions\/1503"}],"wp:attachment":[{"href":"https:\/\/mitue.de\/index.php?rest_route=%2Fwp%2Fv2%2Fmedia&parent=1502"}],"wp:term":[{"taxonomy":"category","embeddable":true,"href":"https:\/\/mitue.de\/index.php?rest_route=%2Fwp%2Fv2%2Fcategories&post=1502"},{"taxonomy":"post_tag","embeddable":true,"href":"https:\/\/mitue.de\/index.php?rest_route=%2Fwp%2Fv2%2Ftags&post=1502"}],"curies":[{"name":"wp","href":"https:\/\/api.w.org\/{rel}","templated":true}]}}