{"id":1511,"date":"2010-10-11T17:14:46","date_gmt":"2010-10-11T16:14:46","guid":{"rendered":"http:\/\/mitue.de\/?p=1511"},"modified":"2010-10-11T17:16:08","modified_gmt":"2010-10-11T16:16:08","slug":"dabei-bin-ich-doch-schon-alter","status":"publish","type":"post","link":"https:\/\/mitue.de\/?p=1511","title":{"rendered":"&#8230; dabei bin ich doch schon \u00e4lter"},"content":{"rendered":"<p><a href=\"http:\/\/www.flickr.com\/photos\/mitue\/5072129350\/\" title=\"Kloster3 von mitue bei Flickr\"><img loading=\"lazy\" decoding=\"async\" src=\"http:\/\/farm5.static.flickr.com\/4132\/5072129350_d69b83d404.jpg\" width=\"500\" height=\"333\" alt=\"Kloster3\" \/><\/a><br \/>\nBerndt Wilde<\/p>\n<blockquote><p><b>Einsamkeit<\/b><\/p>\n<p>Sehnst du dich nach mir?<br \/>\nBin ich, ja ich, gemeint?<br \/>\nAch w\u00e4rst du doch jetzt hier,<br \/>\nAch w\u00e4ren wir heute vereint.<br \/>\nIch hab so Angst, dich zu verliern.<br \/>\nLiebst du mich noch? Mir scheint,<br \/>\nDu liebst mich anders, k\u00e4lter?<br \/>\nT\u00f6richte Worte, nicht zu kapiern,<br \/>\nDabei bin ich doch schon \u00e4lter.<\/p>\n<p>(J\u00fcrgen Berlin)<\/p><\/blockquote>\n<p><a href=\"http:\/\/www.flickr.com\/photos\/mitue\/5071522387\/\" title=\"Kloster1 von mitue bei Flickr\"><img loading=\"lazy\" decoding=\"async\" src=\"http:\/\/farm5.static.flickr.com\/4103\/5071522387_dacf548b63.jpg\" width=\"500\" height=\"333\" alt=\"Kloster1\" \/><\/a><br \/>\nMarie-Luise Bauerschmidt<\/p>\n<p>&#8222;Herberge 2010&#8220; &#8211; Herbstaktion: Eine Bildhauerausstellung in der <a href=\"http:\/\/de.wikipedia.org\/wiki\/Franziskaner-Klosterkirche_(Berlin)\">Ruine der Franziskaner Klosterkirche<\/a><\/p>\n","protected":false},"excerpt":{"rendered":"<p>Berndt Wilde Einsamkeit Sehnst du dich nach mir? Bin ich, ja ich, gemeint? Ach w\u00e4rst du doch jetzt hier, Ach w\u00e4ren wir heute vereint. Ich hab so Angst, dich zu verliern. Liebst du mich noch? Mir scheint, Du liebst mich anders, k\u00e4lter? T\u00f6richte Worte, nicht zu kapiern, Dabei bin ich doch schon \u00e4lter. (J\u00fcrgen Berlin) [&hellip;]<\/p>\n","protected":false},"author":1,"featured_media":0,"comment_status":"open","ping_status":"closed","sticky":false,"template":"","format":"standard","meta":{"footnotes":""},"categories":[5],"tags":[315,237],"class_list":["post-1511","post","type-post","status-publish","format-standard","hentry","category-ausstellungen","tag-jurgen-berlin","tag-lyrik"],"_links":{"self":[{"href":"https:\/\/mitue.de\/index.php?rest_route=\/wp\/v2\/posts\/1511","targetHints":{"allow":["GET"]}}],"collection":[{"href":"https:\/\/mitue.de\/index.php?rest_route=\/wp\/v2\/posts"}],"about":[{"href":"https:\/\/mitue.de\/index.php?rest_route=\/wp\/v2\/types\/post"}],"author":[{"embeddable":true,"href":"https:\/\/mitue.de\/index.php?rest_route=\/wp\/v2\/users\/1"}],"replies":[{"embeddable":true,"href":"https:\/\/mitue.de\/index.php?rest_route=%2Fwp%2Fv2%2Fcomments&post=1511"}],"version-history":[{"count":2,"href":"https:\/\/mitue.de\/index.php?rest_route=\/wp\/v2\/posts\/1511\/revisions"}],"predecessor-version":[{"id":1513,"href":"https:\/\/mitue.de\/index.php?rest_route=\/wp\/v2\/posts\/1511\/revisions\/1513"}],"wp:attachment":[{"href":"https:\/\/mitue.de\/index.php?rest_route=%2Fwp%2Fv2%2Fmedia&parent=1511"}],"wp:term":[{"taxonomy":"category","embeddable":true,"href":"https:\/\/mitue.de\/index.php?rest_route=%2Fwp%2Fv2%2Fcategories&post=1511"},{"taxonomy":"post_tag","embeddable":true,"href":"https:\/\/mitue.de\/index.php?rest_route=%2Fwp%2Fv2%2Ftags&post=1511"}],"curies":[{"name":"wp","href":"https:\/\/api.w.org\/{rel}","templated":true}]}}