{"id":1537,"date":"2010-10-20T17:49:16","date_gmt":"2010-10-20T16:49:16","guid":{"rendered":"http:\/\/mitue.de\/?p=1537"},"modified":"2010-10-20T17:49:16","modified_gmt":"2010-10-20T16:49:16","slug":"die-kapelle-am-wegesrand","status":"publish","type":"post","link":"https:\/\/mitue.de\/?p=1537","title":{"rendered":"Die Kapelle am Wegesrand"},"content":{"rendered":"<p><a href=\"http:\/\/www.flickr.com\/photos\/mitue\/5099993404\/\" title=\"Die Kapelle von mitue bei Flickr\"><img loading=\"lazy\" decoding=\"async\" src=\"http:\/\/farm2.static.flickr.com\/1390\/5099993404_794dd5097d.jpg\" width=\"500\" height=\"333\" alt=\"Die Kapelle\" \/><\/a><\/p>\n<blockquote><p>Ein paar Ecken weiter hat eine andere Fachbesucherin der Modestadt (man erkennt sie gleich an ihren etwas zu schicken, zu neuen Klamotten &#8211; und nat\u00fcrlich ihren Blicken) was Sch\u00f6nes entdeckt. Das wird sich sicher gut machen in ihrem Blog: Stra\u00dfenmode im ganz w\u00f6rtlichen Sinn pr\u00e4sentiert sich ihr in der Ackerstra\u00dfe. K\u00fcnstler aus dem Schokoladen-Haus haben f\u00fcr die alte Oststra\u00dfenlaterne einen Lampenschirm gebastelt. Er ist aus lilafarbenem Stoff mit Mustern drauf. Unten h\u00e4ngen Bommeln dran.<\/p>\n<p>Aus der Stra\u00dfenlaterne ist eine \u00fcberdimensionale Nachttischlampe geworden. Wie ein Menetekel dr\u00e4ut sie \u00fcber Mitte, denn dem Schokoladen und dem benachbarten Club der polnischen Versager, der einst von der Torstra\u00dfe hierher umgezogen war, drohen im August die R\u00e4umung. Dann werden in der Ackerstra\u00dfe zwar nachts die B\u00fcrgersteige noch nicht hochgeklappt, denn es bietet hier auch das Muschi Obermaier seine n\u00e4chtlichen Dienste an. Neuerdings wirbt die Absturzdisse mit dem Slogan &#8222;Die Kapelle am Wegesrand&#8220; f\u00fcr sich.\n<\/p><\/blockquote>\n<p><a href=\"http:\/\/www.flickr.com\/photos\/mitue\/5099396435\/\" title=\"Schokoladen von mitue bei Flickr\"><img loading=\"lazy\" decoding=\"async\" src=\"http:\/\/farm2.static.flickr.com\/1195\/5099396435_706bd5e17c.jpg\" width=\"500\" height=\"333\" alt=\"Schokoladen\" \/><\/a><\/p>\n<p><a href=\"http:\/\/www.flickr.com\/photos\/mitue\/5099395101\/\" title=\"Sonne geht unter von mitue bei Flickr\"><img loading=\"lazy\" decoding=\"async\" src=\"http:\/\/farm2.static.flickr.com\/1237\/5099395101_2e1a3c15e5.jpg\" width=\"500\" height=\"333\" alt=\"Sonne geht unter\" \/><\/a><\/p>\n<blockquote><p>Noch ist Mitte nicht verloren.<br \/>\n(aus: <a href=\"http:\/\/www.taz.de\/1\/archiv\/digitaz\/artikel\/?ressort=ku&#038;dig=2010%2F07%2F10%2Fa0217&#038;cHash=fe468570fa\">Am Wegesrand des Chics<\/a> in der taz)<\/p><\/blockquote>\n","protected":false},"excerpt":{"rendered":"<p>Ein paar Ecken weiter hat eine andere Fachbesucherin der Modestadt (man erkennt sie gleich an ihren etwas zu schicken, zu neuen Klamotten &#8211; und nat\u00fcrlich ihren Blicken) was Sch\u00f6nes entdeckt. Das wird sich sicher gut machen in ihrem Blog: Stra\u00dfenmode im ganz w\u00f6rtlichen Sinn pr\u00e4sentiert sich ihr in der Ackerstra\u00dfe. K\u00fcnstler aus dem Schokoladen-Haus haben [&hellip;]<\/p>\n","protected":false},"author":1,"featured_media":0,"comment_status":"open","ping_status":"closed","sticky":false,"template":"","format":"standard","meta":{"footnotes":""},"categories":[4],"tags":[],"class_list":["post-1537","post","type-post","status-publish","format-standard","hentry","category-berlin"],"_links":{"self":[{"href":"https:\/\/mitue.de\/index.php?rest_route=\/wp\/v2\/posts\/1537","targetHints":{"allow":["GET"]}}],"collection":[{"href":"https:\/\/mitue.de\/index.php?rest_route=\/wp\/v2\/posts"}],"about":[{"href":"https:\/\/mitue.de\/index.php?rest_route=\/wp\/v2\/types\/post"}],"author":[{"embeddable":true,"href":"https:\/\/mitue.de\/index.php?rest_route=\/wp\/v2\/users\/1"}],"replies":[{"embeddable":true,"href":"https:\/\/mitue.de\/index.php?rest_route=%2Fwp%2Fv2%2Fcomments&post=1537"}],"version-history":[{"count":1,"href":"https:\/\/mitue.de\/index.php?rest_route=\/wp\/v2\/posts\/1537\/revisions"}],"predecessor-version":[{"id":1538,"href":"https:\/\/mitue.de\/index.php?rest_route=\/wp\/v2\/posts\/1537\/revisions\/1538"}],"wp:attachment":[{"href":"https:\/\/mitue.de\/index.php?rest_route=%2Fwp%2Fv2%2Fmedia&parent=1537"}],"wp:term":[{"taxonomy":"category","embeddable":true,"href":"https:\/\/mitue.de\/index.php?rest_route=%2Fwp%2Fv2%2Fcategories&post=1537"},{"taxonomy":"post_tag","embeddable":true,"href":"https:\/\/mitue.de\/index.php?rest_route=%2Fwp%2Fv2%2Ftags&post=1537"}],"curies":[{"name":"wp","href":"https:\/\/api.w.org\/{rel}","templated":true}]}}