{"id":154,"date":"2008-06-28T18:04:51","date_gmt":"2008-06-28T17:04:51","guid":{"rendered":"http:\/\/mitue.de\/?p=154"},"modified":"2008-06-28T18:07:40","modified_gmt":"2008-06-28T17:07:40","slug":"andrang-am-denkmal-beim-csd","status":"publish","type":"post","link":"https:\/\/mitue.de\/?p=154","title":{"rendered":"Andrang am Denkmal beim CSD"},"content":{"rendered":"<p><a title=\"Denkmal by mitue, on Flickr\" href=\"http:\/\/www.flickr.com\/photos\/mitue\/2617949039\/\"><img loading=\"lazy\" decoding=\"async\" src=\"http:\/\/farm4.static.flickr.com\/3080\/2617949039_a724eb249f.jpg\" border=\"0\" alt=\"Denkmal\" width=\"500\" height=\"361\" \/><\/a><\/p>\n<blockquote><p>In Sichtweite zu den Bl\u00f6cken des Holocaust-Mahnmals steht nun also der dunkelgrau durchgef\u00e4rbte Betonklotz, leicht aus dem Lot geraten, als sei er aus dem Stelenfeld auf der anderen Stra\u00dfenseite her\u00fcber geschwebt. In Augenh\u00f6he ist ein kleines Fenster in den Beton geh\u00f6hlt. Man muss direkt herantreten, um das Geschehen hinter dem Glas zu erkennen. Auf die R\u00fcckwand des dunklen Innenraums ist ein Film in Endlosschleife projiziert: zwei junge M\u00e4nner, die sich innig k\u00fcssen.<br \/>\n&#8230;<br \/>\n<a href=\"http:\/\/kunstaspekte.de\/index.php?k=1756&amp;action=webpages\">Elmgreen &amp; Dragset<\/a> [eigneten sich] raffiniert die \u00c4sthetik von Peter Eisenmans abstrahierten Grabstelen an, er\u00f6ffneten eine Einzelkopie, eine Art Filiale der Holocaust-Gedenkst\u00e4tte und erf\u00fcllten diese mit einem eigenen Inhalt. Man k\u00f6nnte das Verfahren als k\u00fcnstlerische Guerilla-Taktik bezeichnen.Die Initiatoren und die Wettbewerbs-Juroren mochten das, weil da auch ein bisschen die Lebensweise der Homosexuellen mitschwingt: Sie sind &#8222;normale&#8220; Menschen wie jedermann, nur in mancher Hinsicht eben anders.<br \/>\n(S. Preuss <a href=\"http:\/\/www.berlinonline.de\/berliner-zeitung\/archiv\/.bin\/dump.fcgi\/2008\/0528\/feuilleton\/0006\/index.html\">hier<\/a>)<\/p><\/blockquote>\n","protected":false},"excerpt":{"rendered":"<p>In Sichtweite zu den Bl\u00f6cken des Holocaust-Mahnmals steht nun also der dunkelgrau durchgef\u00e4rbte Betonklotz, leicht aus dem Lot geraten, als sei er aus dem Stelenfeld auf der anderen Stra\u00dfenseite her\u00fcber geschwebt. In Augenh\u00f6he ist ein kleines Fenster in den Beton geh\u00f6hlt. Man muss direkt herantreten, um das Geschehen hinter dem Glas zu erkennen. Auf die [&hellip;]<\/p>\n","protected":false},"author":1,"featured_media":0,"comment_status":"open","ping_status":"open","sticky":false,"template":"","format":"standard","meta":{"footnotes":""},"categories":[3],"tags":[53,54],"class_list":["post-154","post","type-post","status-publish","format-standard","hentry","category-kunst-im-offentlichen-raum","tag-denkmal","tag-elmgreen-dragset"],"_links":{"self":[{"href":"https:\/\/mitue.de\/index.php?rest_route=\/wp\/v2\/posts\/154","targetHints":{"allow":["GET"]}}],"collection":[{"href":"https:\/\/mitue.de\/index.php?rest_route=\/wp\/v2\/posts"}],"about":[{"href":"https:\/\/mitue.de\/index.php?rest_route=\/wp\/v2\/types\/post"}],"author":[{"embeddable":true,"href":"https:\/\/mitue.de\/index.php?rest_route=\/wp\/v2\/users\/1"}],"replies":[{"embeddable":true,"href":"https:\/\/mitue.de\/index.php?rest_route=%2Fwp%2Fv2%2Fcomments&post=154"}],"version-history":[{"count":0,"href":"https:\/\/mitue.de\/index.php?rest_route=\/wp\/v2\/posts\/154\/revisions"}],"wp:attachment":[{"href":"https:\/\/mitue.de\/index.php?rest_route=%2Fwp%2Fv2%2Fmedia&parent=154"}],"wp:term":[{"taxonomy":"category","embeddable":true,"href":"https:\/\/mitue.de\/index.php?rest_route=%2Fwp%2Fv2%2Fcategories&post=154"},{"taxonomy":"post_tag","embeddable":true,"href":"https:\/\/mitue.de\/index.php?rest_route=%2Fwp%2Fv2%2Ftags&post=154"}],"curies":[{"name":"wp","href":"https:\/\/api.w.org\/{rel}","templated":true}]}}