{"id":1548,"date":"2010-10-24T14:41:51","date_gmt":"2010-10-24T13:41:51","guid":{"rendered":"http:\/\/mitue.de\/?p=1548"},"modified":"2010-10-24T14:42:22","modified_gmt":"2010-10-24T13:42:22","slug":"berlins-vergessene-mitte","status":"publish","type":"post","link":"https:\/\/mitue.de\/?p=1548","title":{"rendered":"Berlins vergessene Mitte"},"content":{"rendered":"<p><a href=\"http:\/\/www.flickr.com\/photos\/mitue\/5109985261\/\" title=\"Vergessene Mitte 1 von mitue bei Flickr\"><img loading=\"lazy\" decoding=\"async\" src=\"http:\/\/farm2.static.flickr.com\/1194\/5109985261_0617b1eedf.jpg\" width=\"500\" height=\"333\" alt=\"Vergessene Mitte 1\" \/><\/a><\/p>\n<p><a href=\"http:\/\/www.tagesspiegel.de\/kultur\/berlins-vergessene-mitte-des-trubels-kern\/1961556.html\"><i>Berlins vergessene Mitte<\/i><\/a> ist bestimmt eine interessante Ausstellung, leider war es f\u00fcr uns zu voll. Ich mag es nicht, von Bild zu Bild geschoben zu werden. Da m\u00fcssen wir wochentags noch einmal hin. Der Katalog ist jedenfalls sehr  informativ.<\/p>\n<blockquote><p>Ein bisschen schizophren waren die Berliner schon immer. Fast zwei Millionen Besucher str\u00f6mten im Sommer 1896 in die Berliner Gewerbeausstellung nach Treptow. Auf 30 000 Quadratmetern konnten sie \u201eAlt-Berlin\u201c bewundern, 120 Geb\u00e4ude inklusive Stadttor, Rathaus, Stra\u00dfen und Pl\u00e4tzen: Berlin anno 1650, eine nostalgische Simulation just zu dem Zeitpunkt, als man die reale Altstadt Stra\u00dfenzug um Stra\u00dfenzug begradigte, verkehrsbeschleunigte und abriss.<br \/>\n(Text: Tagesspiegel, M. Zajonz)\n<\/p><\/blockquote>\n<p><a href=\"http:\/\/www.flickr.com\/photos\/mitue\/5109986177\/\" title=\"Vergessene Mitte 2 von mitue bei Flickr\"><img loading=\"lazy\" decoding=\"async\" src=\"http:\/\/farm2.static.flickr.com\/1385\/5109986177_783fe82268.jpg\" width=\"500\" height=\"333\" alt=\"Vergessene Mitte 2\" \/><\/a><br \/>\nBerlins vergessene Mitte heute &#8211; <a href=\"http:\/\/mitue.de\/?tag=bruderstrase\">Br\u00fcderstra\u00dfe<\/a><\/p>\n","protected":false},"excerpt":{"rendered":"<p>Berlins vergessene Mitte ist bestimmt eine interessante Ausstellung, leider war es f\u00fcr uns zu voll. Ich mag es nicht, von Bild zu Bild geschoben zu werden. Da m\u00fcssen wir wochentags noch einmal hin. Der Katalog ist jedenfalls sehr informativ. Ein bisschen schizophren waren die Berliner schon immer. Fast zwei Millionen Besucher str\u00f6mten im Sommer 1896 [&hellip;]<\/p>\n","protected":false},"author":1,"featured_media":0,"comment_status":"open","ping_status":"closed","sticky":false,"template":"","format":"standard","meta":{"footnotes":""},"categories":[5],"tags":[101,163],"class_list":["post-1548","post","type-post","status-publish","format-standard","hentry","category-ausstellungen","tag-bruderstrase","tag-ephraim-palais"],"_links":{"self":[{"href":"https:\/\/mitue.de\/index.php?rest_route=\/wp\/v2\/posts\/1548","targetHints":{"allow":["GET"]}}],"collection":[{"href":"https:\/\/mitue.de\/index.php?rest_route=\/wp\/v2\/posts"}],"about":[{"href":"https:\/\/mitue.de\/index.php?rest_route=\/wp\/v2\/types\/post"}],"author":[{"embeddable":true,"href":"https:\/\/mitue.de\/index.php?rest_route=\/wp\/v2\/users\/1"}],"replies":[{"embeddable":true,"href":"https:\/\/mitue.de\/index.php?rest_route=%2Fwp%2Fv2%2Fcomments&post=1548"}],"version-history":[{"count":2,"href":"https:\/\/mitue.de\/index.php?rest_route=\/wp\/v2\/posts\/1548\/revisions"}],"predecessor-version":[{"id":1550,"href":"https:\/\/mitue.de\/index.php?rest_route=\/wp\/v2\/posts\/1548\/revisions\/1550"}],"wp:attachment":[{"href":"https:\/\/mitue.de\/index.php?rest_route=%2Fwp%2Fv2%2Fmedia&parent=1548"}],"wp:term":[{"taxonomy":"category","embeddable":true,"href":"https:\/\/mitue.de\/index.php?rest_route=%2Fwp%2Fv2%2Fcategories&post=1548"},{"taxonomy":"post_tag","embeddable":true,"href":"https:\/\/mitue.de\/index.php?rest_route=%2Fwp%2Fv2%2Ftags&post=1548"}],"curies":[{"name":"wp","href":"https:\/\/api.w.org\/{rel}","templated":true}]}}