{"id":160,"date":"2008-07-03T18:59:15","date_gmt":"2008-07-03T17:59:15","guid":{"rendered":"http:\/\/mitue.de\/?p=160"},"modified":"2008-07-03T18:59:15","modified_gmt":"2008-07-03T17:59:15","slug":"kafka-hat-geburtstag","status":"publish","type":"post","link":"https:\/\/mitue.de\/?p=160","title":{"rendered":"Kafka hat Geburtstag"},"content":{"rendered":"<p><a title=\"Bier aus der Luke by mitue, on Flickr\" href=\"http:\/\/www.flickr.com\/photos\/mitue\/2189189246\/\"><img loading=\"lazy\" decoding=\"async\" src=\"http:\/\/farm3.static.flickr.com\/2116\/2189189246_8a1fd4ee19.jpg\" border=\"0\" alt=\"Bier aus der Luke\" width=\"500\" height=\"337\" \/><\/a><\/p>\n<blockquote><p>Das Gassenfenster<\/p>\n<p>Wer verlassen lebt und sich doch hie und da irgendwo anschlie\u00dfen m\u00f6chte, wer mit R\u00fccksicht auf die Ver\u00e4nderungen der Tageszeit der Witterung, der Berufsverh\u00e4ltnisse und dergleichen ohne weiteres irgendeinen beliebigen Arm sehen will, an dem er sich halten k\u00f6nnte, \u2014 der wird es ohne ein Gassenfenster nicht lange treiben. Und steht es mit ihm so, da\u00df er gar nichts sucht und nur als m\u00fcder Mann, die Augen auf und ab zwischen Publikum und Himmel, an seine Fensterbr\u00fcstung tritt, und er will nicht und hat ein wenig den Kopf zur\u00fcckgeneigt, so rei\u00dfen ihn doch unten die Pferde mit in ihr Gefolge von Wagen und L\u00e4rm und damit endlich der menschlichen Eintracht zu.<br \/>\n<a href=\"http:\/\/www.franzkafka.de\/franzkafka\/home\/ \">Franz Kafka<\/a><\/p><\/blockquote>\n","protected":false},"excerpt":{"rendered":"<p>Das Gassenfenster Wer verlassen lebt und sich doch hie und da irgendwo anschlie\u00dfen m\u00f6chte, wer mit R\u00fccksicht auf die Ver\u00e4nderungen der Tageszeit der Witterung, der Berufsverh\u00e4ltnisse und dergleichen ohne weiteres irgendeinen beliebigen Arm sehen will, an dem er sich halten k\u00f6nnte, \u2014 der wird es ohne ein Gassenfenster nicht lange treiben. Und steht es mit [&hellip;]<\/p>\n","protected":false},"author":1,"featured_media":0,"comment_status":"open","ping_status":"open","sticky":false,"template":"","format":"standard","meta":{"footnotes":""},"categories":[4],"tags":[60],"class_list":["post-160","post","type-post","status-publish","format-standard","hentry","category-berlin","tag-franz-kafka"],"_links":{"self":[{"href":"https:\/\/mitue.de\/index.php?rest_route=\/wp\/v2\/posts\/160","targetHints":{"allow":["GET"]}}],"collection":[{"href":"https:\/\/mitue.de\/index.php?rest_route=\/wp\/v2\/posts"}],"about":[{"href":"https:\/\/mitue.de\/index.php?rest_route=\/wp\/v2\/types\/post"}],"author":[{"embeddable":true,"href":"https:\/\/mitue.de\/index.php?rest_route=\/wp\/v2\/users\/1"}],"replies":[{"embeddable":true,"href":"https:\/\/mitue.de\/index.php?rest_route=%2Fwp%2Fv2%2Fcomments&post=160"}],"version-history":[{"count":0,"href":"https:\/\/mitue.de\/index.php?rest_route=\/wp\/v2\/posts\/160\/revisions"}],"wp:attachment":[{"href":"https:\/\/mitue.de\/index.php?rest_route=%2Fwp%2Fv2%2Fmedia&parent=160"}],"wp:term":[{"taxonomy":"category","embeddable":true,"href":"https:\/\/mitue.de\/index.php?rest_route=%2Fwp%2Fv2%2Fcategories&post=160"},{"taxonomy":"post_tag","embeddable":true,"href":"https:\/\/mitue.de\/index.php?rest_route=%2Fwp%2Fv2%2Ftags&post=160"}],"curies":[{"name":"wp","href":"https:\/\/api.w.org\/{rel}","templated":true}]}}