{"id":1608,"date":"2010-11-14T17:15:54","date_gmt":"2010-11-14T16:15:54","guid":{"rendered":"http:\/\/mitue.de\/?p=1608"},"modified":"2010-11-14T17:15:54","modified_gmt":"2010-11-14T16:15:54","slug":"rudiger-von-ilgen","status":"publish","type":"post","link":"https:\/\/mitue.de\/?p=1608","title":{"rendered":"R\u00fcdiger von Ilgen"},"content":{"rendered":"<p><a href=\"http:\/\/www.flickr.com\/photos\/mitue\/5175299970\/\" title=\"R\u00fcdiger von Ilgen von mitue bei Flickr\"><img loading=\"lazy\" decoding=\"async\" src=\"http:\/\/farm5.static.flickr.com\/4106\/5175299970_d1f5f3a191.jpg\" width=\"500\" height=\"333\" alt=\"R\u00fcdiger von Ilgen\" \/><\/a><br \/>\nRudolf Siemering, <a href=\"http:\/\/radio-weblogs.com\/0109045\/2004\/08\/02.html\">Heinrich R\u00fcdiger von Ilgen<\/a><\/p>\n<blockquote><p>F\u00fcr die ehemalige Berliner Siegesallee gestaltete der Bildhauer Rudolf Siemering eine marmorne B\u00fcste Ilgens als Seitenfigur der Denkmalgruppe 27 zu dem zentralen Standbild f\u00fcr den Soldatenk\u00f6nig Friedrich Wilhelm I., enth\u00fcllt am 22. Dezember 1900. Die B\u00fcste ist mit einem umhangartig drapierten Mantel und gebundenem Schaltuch ausgestattet. Der abgekl\u00e4rte Gesichtsausdruck kennzeichnet Ilgen als seiner Macht bewussten Diplomaten. Die Allongeper\u00fccke weist ihn als hohen Staatsdiener aus. Die B\u00fcste befand sich zwischen 1954 und 1988 im Park des Schlosses Britz, das Ilgen 1719 gekauft hatte. Seit 1988 steht dort eine Kopie der B\u00fcste. Das besch\u00e4digte Original (unter anderem fehlt die Nase) lagerte bis 2009 mit weiteren Siegesallee-Figuren im Lapidarium in Berlin-Kreuzberg und wird seit Mai 2009 in der Zitadelle Spandau aufbewahrt.<br \/>\n(mehr <a href=\"http:\/\/de.wikipedia.org\/wiki\/Heinrich_R%C3%BCdiger_von_Ilgen\">hier<\/a>)<\/p><\/blockquote>\n<p><a href=\"http:\/\/www.flickr.com\/photos\/mitue\/5174695213\/\" title=\"von Ilgen, Gutsbesitzer von mitue bei Flickr\"><img loading=\"lazy\" decoding=\"async\" src=\"http:\/\/farm5.static.flickr.com\/4130\/5174695213_ca701349bf.jpg\" width=\"500\" height=\"333\" alt=\"von Ilgen, Gutsbesitzer\" \/><\/a><\/p>\n","protected":false},"excerpt":{"rendered":"<p>Rudolf Siemering, Heinrich R\u00fcdiger von Ilgen F\u00fcr die ehemalige Berliner Siegesallee gestaltete der Bildhauer Rudolf Siemering eine marmorne B\u00fcste Ilgens als Seitenfigur der Denkmalgruppe 27 zu dem zentralen Standbild f\u00fcr den Soldatenk\u00f6nig Friedrich Wilhelm I., enth\u00fcllt am 22. Dezember 1900. Die B\u00fcste ist mit einem umhangartig drapierten Mantel und gebundenem Schaltuch ausgestattet. Der abgekl\u00e4rte Gesichtsausdruck [&hellip;]<\/p>\n","protected":false},"author":1,"featured_media":0,"comment_status":"open","ping_status":"closed","sticky":false,"template":"","format":"standard","meta":{"footnotes":""},"categories":[3],"tags":[342,150],"class_list":["post-1608","post","type-post","status-publish","format-standard","hentry","category-kunst-im-offentlichen-raum","tag-rudolf-siemering","tag-siegesallee"],"_links":{"self":[{"href":"https:\/\/mitue.de\/index.php?rest_route=\/wp\/v2\/posts\/1608","targetHints":{"allow":["GET"]}}],"collection":[{"href":"https:\/\/mitue.de\/index.php?rest_route=\/wp\/v2\/posts"}],"about":[{"href":"https:\/\/mitue.de\/index.php?rest_route=\/wp\/v2\/types\/post"}],"author":[{"embeddable":true,"href":"https:\/\/mitue.de\/index.php?rest_route=\/wp\/v2\/users\/1"}],"replies":[{"embeddable":true,"href":"https:\/\/mitue.de\/index.php?rest_route=%2Fwp%2Fv2%2Fcomments&post=1608"}],"version-history":[{"count":1,"href":"https:\/\/mitue.de\/index.php?rest_route=\/wp\/v2\/posts\/1608\/revisions"}],"predecessor-version":[{"id":1609,"href":"https:\/\/mitue.de\/index.php?rest_route=\/wp\/v2\/posts\/1608\/revisions\/1609"}],"wp:attachment":[{"href":"https:\/\/mitue.de\/index.php?rest_route=%2Fwp%2Fv2%2Fmedia&parent=1608"}],"wp:term":[{"taxonomy":"category","embeddable":true,"href":"https:\/\/mitue.de\/index.php?rest_route=%2Fwp%2Fv2%2Fcategories&post=1608"},{"taxonomy":"post_tag","embeddable":true,"href":"https:\/\/mitue.de\/index.php?rest_route=%2Fwp%2Fv2%2Ftags&post=1608"}],"curies":[{"name":"wp","href":"https:\/\/api.w.org\/{rel}","templated":true}]}}