{"id":1633,"date":"2010-11-28T17:11:21","date_gmt":"2010-11-28T16:11:21","guid":{"rendered":"http:\/\/mitue.de\/?p=1633"},"modified":"2010-11-28T17:11:21","modified_gmt":"2010-11-28T16:11:21","slug":"gerdeen-kosmetik","status":"publish","type":"post","link":"https:\/\/mitue.de\/?p=1633","title":{"rendered":"Gerdeen-Kosmetik"},"content":{"rendered":"<p><a href=\"http:\/\/www.flickr.com\/photos\/mitue\/5214862210\/\" title=\"Gerdeen von mitue bei Flickr\"><img loading=\"lazy\" decoding=\"async\" src=\"http:\/\/farm6.static.flickr.com\/5127\/5214862210_f03194cf7b.jpg\" width=\"500\" height=\"323\" alt=\"Gerdeen\" \/><\/a><\/p>\n<blockquote><p>Johann Kwederawitsch steht nicht das erste Mal vor dem Wandmosaik an der Au\u00dfenfassade des Bahnhofs Friedrichstra\u00dfe. Er kennt es sehr gut, schlie\u00dflich stammt es aus seiner Hand. Rund 40 Jahre ist es her, dass der Biesdorfer hunderte von glasierten Keramikst\u00fccken zu einer Kosmetik-Reklame [VEB Gerdeen &#8211; Werk f\u00fcr feine Kosmetika Schildow] zusammenf\u00fcgte. Doch sein Werk ist in Vergessenheit geraten, weil es nicht zu sehen war. &#8222;Jahrelang war das Mosaik mit den \u00e4gyptisch wirkenden Damen von einer Reklametafel der DDR-Fluglinie Interflug verdeckt&#8220;, sagt Stefan Grell. Der Restaurator hat Kwederawitschs Werk erst k\u00fcrzlich am Eingang zum U-Bahnhof an der Postfiliale wieder angebracht.<br \/>\n(<a href=\"http:\/\/www.berlinonline.de\/berliner-zeitung\/archiv\/.bin\/dump.fcgi\/2001\/0125\/lokales\/0052\/index.html\">hier<\/a>, Berliner Zeitung, Januar 2001)<\/p><\/blockquote>\n","protected":false},"excerpt":{"rendered":"<p>Johann Kwederawitsch steht nicht das erste Mal vor dem Wandmosaik an der Au\u00dfenfassade des Bahnhofs Friedrichstra\u00dfe. Er kennt es sehr gut, schlie\u00dflich stammt es aus seiner Hand. Rund 40 Jahre ist es her, dass der Biesdorfer hunderte von glasierten Keramikst\u00fccken zu einer Kosmetik-Reklame [VEB Gerdeen &#8211; Werk f\u00fcr feine Kosmetika Schildow] zusammenf\u00fcgte. Doch sein Werk [&hellip;]<\/p>\n","protected":false},"author":1,"featured_media":0,"comment_status":"open","ping_status":"closed","sticky":false,"template":"","format":"standard","meta":{"footnotes":""},"categories":[3],"tags":[],"class_list":["post-1633","post","type-post","status-publish","format-standard","hentry","category-kunst-im-offentlichen-raum"],"_links":{"self":[{"href":"https:\/\/mitue.de\/index.php?rest_route=\/wp\/v2\/posts\/1633","targetHints":{"allow":["GET"]}}],"collection":[{"href":"https:\/\/mitue.de\/index.php?rest_route=\/wp\/v2\/posts"}],"about":[{"href":"https:\/\/mitue.de\/index.php?rest_route=\/wp\/v2\/types\/post"}],"author":[{"embeddable":true,"href":"https:\/\/mitue.de\/index.php?rest_route=\/wp\/v2\/users\/1"}],"replies":[{"embeddable":true,"href":"https:\/\/mitue.de\/index.php?rest_route=%2Fwp%2Fv2%2Fcomments&post=1633"}],"version-history":[{"count":1,"href":"https:\/\/mitue.de\/index.php?rest_route=\/wp\/v2\/posts\/1633\/revisions"}],"predecessor-version":[{"id":1634,"href":"https:\/\/mitue.de\/index.php?rest_route=\/wp\/v2\/posts\/1633\/revisions\/1634"}],"wp:attachment":[{"href":"https:\/\/mitue.de\/index.php?rest_route=%2Fwp%2Fv2%2Fmedia&parent=1633"}],"wp:term":[{"taxonomy":"category","embeddable":true,"href":"https:\/\/mitue.de\/index.php?rest_route=%2Fwp%2Fv2%2Fcategories&post=1633"},{"taxonomy":"post_tag","embeddable":true,"href":"https:\/\/mitue.de\/index.php?rest_route=%2Fwp%2Fv2%2Ftags&post=1633"}],"curies":[{"name":"wp","href":"https:\/\/api.w.org\/{rel}","templated":true}]}}