{"id":165,"date":"2008-07-07T19:02:47","date_gmt":"2008-07-07T18:02:47","guid":{"rendered":"http:\/\/mitue.de\/?p=165"},"modified":"2008-07-10T06:39:23","modified_gmt":"2008-07-10T05:39:23","slug":"werner-stotzer","status":"publish","type":"post","link":"https:\/\/mitue.de\/?p=165","title":{"rendered":"Werner St\u00f6tzer"},"content":{"rendered":"<blockquote><p>Der Bildhauer Werner St\u00f6tzer erh\u00e4lt f\u00fcr sein Lebenswerk den ersten Kunstpreis des brandenburgischen Ministerpr\u00e4sidenten. Regierungschef Matthias Platzeck \u00fcberreichte dem 77-J\u00e4hrigen die mit 5000 Euro dotierte Auszeichnung am Sonnabend beim Festakt zur Verleihung des Brandenburgischen Kunstpreises in Neuhardenberg. Damit ehre das Land die \u201eherausragende Lebensleistung eines K\u00fcnstlers, der ohne Zweifel seit Jahrzehnten zu den bedeutendsten Bildhauern Deutschlands z\u00e4hlt&#8220;, hei\u00dft es in einer Mitteilung der Staatskanzlei. Der in Werbig (M\u00e4rkisch-Oderland) lebende St\u00f6tzer geh\u00f6re \u201ezu den wenigen zeitgen\u00f6ssischen Bildhauern, die die Form nur nach einer Ideenskizze aus dem Block schlagen.&#8220; dpa<\/p><\/blockquote>\n<p><a title=\"Verzweiflung by mitue, on Flickr\" href=\"http:\/\/www.flickr.com\/photos\/mitue\/241693891\/\"><img loading=\"lazy\" decoding=\"async\" src=\"http:\/\/farm1.static.flickr.com\/81\/241693891_20ae6c9a5b.jpg\" border=\"0\" alt=\"Verzweiflung\" width=\"500\" height=\"334\" \/><\/a><\/p>\n<p>Im September 2006 besuchten wir St\u00f6tzer mit dem F\u00f6rderverein der Berlinischen Galerie in Altlangsow, hier die <a href=\"http:\/\/www.flickr.com\/photos\/mitue\/sets\/72157594278877510\/\">Fotos<\/a>.<br \/>\nDamals gab es anl\u00e4sslich seines 75. Geburtstages mehrere Ausstellungen in Berlin, <a href=\"http:\/\/www.flickr.com\/search\/?q=st%C3%B6tzer&amp;w=73114945%40N00\">hier<\/a> Bilder einiger Skulpturen.<\/p>\n<p><a title=\"Marmor erkl\u00e4rt Bronze die Welt by mitue, on Flickr\" href=\"http:\/\/www.flickr.com\/photos\/mitue\/241689528\/\"><img loading=\"lazy\" decoding=\"async\" src=\"http:\/\/farm1.static.flickr.com\/98\/241689528_3fa11c6f55.jpg\" border=\"0\" alt=\"Marmor erkl\u00e4rt Bronze die Welt\" width=\"500\" height=\"353\" \/><\/a><\/p>\n<blockquote><p>St\u00f6tzer nennt sich schon lange nicht mehr K\u00fcnstler. &#8222;Ich mache keine Installationen oder Objekte&#8220;, sagt er ironisch. &#8222;Ich bin ein hoffnungslos altmodischer Handwerker.&#8220; Er spricht in seinen Steinen vom Alter. Es mache wehm\u00fctig, aber nicht sentimental. Seine Steine reden von Gestalten und Gesichtern, die weggehen, und solchen, die in der Erinnerung bleiben und damit in der Zeit. Er und seine Frau stellen ihre Figuren am liebsten in die Natur, auf die satten Wiesen der Seelower H\u00f6hen, auf m\u00e4rkische Dorfanger, ans Wasser: Gemei\u00dfeltes gegen das Ferne und Ungewisse.<br \/>\n(mehr \u00fcber Sylvia Hagen und Werner St\u00f6tzer, <a href=\"http:\/\/www.berlinonline.de\/berliner-zeitung\/spezial\/dossiers\/brandenbuerger\/104504\/index.php\">hier<\/a>)<\/p><\/blockquote>\n","protected":false},"excerpt":{"rendered":"<p>Der Bildhauer Werner St\u00f6tzer erh\u00e4lt f\u00fcr sein Lebenswerk den ersten Kunstpreis des brandenburgischen Ministerpr\u00e4sidenten. Regierungschef Matthias Platzeck \u00fcberreichte dem 77-J\u00e4hrigen die mit 5000 Euro dotierte Auszeichnung am Sonnabend beim Festakt zur Verleihung des Brandenburgischen Kunstpreises in Neuhardenberg. Damit ehre das Land die \u201eherausragende Lebensleistung eines K\u00fcnstlers, der ohne Zweifel seit Jahrzehnten zu den bedeutendsten Bildhauern [&hellip;]<\/p>\n","protected":false},"author":1,"featured_media":0,"comment_status":"open","ping_status":"open","sticky":false,"template":"","format":"standard","meta":{"footnotes":""},"categories":[27],"tags":[10,65],"class_list":["post-165","post","type-post","status-publish","format-standard","hentry","category-berliner-umgebung","tag-skulptur","tag-werner-stotzer"],"_links":{"self":[{"href":"https:\/\/mitue.de\/index.php?rest_route=\/wp\/v2\/posts\/165","targetHints":{"allow":["GET"]}}],"collection":[{"href":"https:\/\/mitue.de\/index.php?rest_route=\/wp\/v2\/posts"}],"about":[{"href":"https:\/\/mitue.de\/index.php?rest_route=\/wp\/v2\/types\/post"}],"author":[{"embeddable":true,"href":"https:\/\/mitue.de\/index.php?rest_route=\/wp\/v2\/users\/1"}],"replies":[{"embeddable":true,"href":"https:\/\/mitue.de\/index.php?rest_route=%2Fwp%2Fv2%2Fcomments&post=165"}],"version-history":[{"count":0,"href":"https:\/\/mitue.de\/index.php?rest_route=\/wp\/v2\/posts\/165\/revisions"}],"wp:attachment":[{"href":"https:\/\/mitue.de\/index.php?rest_route=%2Fwp%2Fv2%2Fmedia&parent=165"}],"wp:term":[{"taxonomy":"category","embeddable":true,"href":"https:\/\/mitue.de\/index.php?rest_route=%2Fwp%2Fv2%2Fcategories&post=165"},{"taxonomy":"post_tag","embeddable":true,"href":"https:\/\/mitue.de\/index.php?rest_route=%2Fwp%2Fv2%2Ftags&post=165"}],"curies":[{"name":"wp","href":"https:\/\/api.w.org\/{rel}","templated":true}]}}