{"id":1809,"date":"2011-03-03T19:29:53","date_gmt":"2011-03-03T18:29:53","guid":{"rendered":"http:\/\/mitue.de\/?p=1809"},"modified":"2011-03-03T19:29:53","modified_gmt":"2011-03-03T18:29:53","slug":"carl-friedrich-christian-fasch","status":"publish","type":"post","link":"https:\/\/mitue.de\/?p=1809","title":{"rendered":"Carl Friedrich Christian Fasch"},"content":{"rendered":"<blockquote><p>Bleibenden Ruhm erlangte [<a href=\"http:\/\/de.wikipedia.org\/wiki\/Carl_Friedrich_Christian_Fasch\">Carl Friedrich Fasch<\/a>] durch die Gr\u00fcndung der \u201eSinge-Academie zu Berlin\u201c (1791), die sp\u00e4ter von seinem Sch\u00fcler Carl Friedrich Zelter (1758\u20131832), dem einzigen Duzfreund Johann Wolfgang von Goethes, \u00fcbernommen wurde.<\/p><\/blockquote>\n<p><a href=\"http:\/\/www.flickr.com\/photos\/mitue\/5482463918\/\" title=\"Carl Friedrich Fasch von mitue bei Flickr\"><img loading=\"lazy\" decoding=\"async\" src=\"http:\/\/farm6.static.flickr.com\/5180\/5482463918_6b60071d60.jpg\" width=\"500\" height=\"333\" alt=\"Carl Friedrich Fasch\" \/><\/a><\/p>\n<p>Die Fasch-B\u00fcste von <a href=\"http:\/\/de.wikipedia.org\/wiki\/Fritz_Schaper\">Fritz Schaper<\/a> vor der <a href=\"http:\/\/www.sing-akademie.de\/\">Singakademie<\/a> wurde in den 30er-Jahren abgebaut und seit 1947 im M\u00e4rkischen Museum aufbewahrt.<br \/>\n(Info <a href=\"http:\/\/www.berlinonline.de\/berliner-zeitung\/archiv\/.bin\/dump.fcgi\/1999\/1125\/lokales\/0046\/index.html\">hier<\/a> entnommen)<\/p>\n","protected":false},"excerpt":{"rendered":"<p>Bleibenden Ruhm erlangte [Carl Friedrich Fasch] durch die Gr\u00fcndung der \u201eSinge-Academie zu Berlin\u201c (1791), die sp\u00e4ter von seinem Sch\u00fcler Carl Friedrich Zelter (1758\u20131832), dem einzigen Duzfreund Johann Wolfgang von Goethes, \u00fcbernommen wurde. Die Fasch-B\u00fcste von Fritz Schaper vor der Singakademie wurde in den 30er-Jahren abgebaut und seit 1947 im M\u00e4rkischen Museum aufbewahrt. (Info hier entnommen)<\/p>\n","protected":false},"author":1,"featured_media":0,"comment_status":"open","ping_status":"closed","sticky":false,"template":"","format":"standard","meta":{"footnotes":""},"categories":[3],"tags":[],"class_list":["post-1809","post","type-post","status-publish","format-standard","hentry","category-kunst-im-offentlichen-raum"],"_links":{"self":[{"href":"https:\/\/mitue.de\/index.php?rest_route=\/wp\/v2\/posts\/1809","targetHints":{"allow":["GET"]}}],"collection":[{"href":"https:\/\/mitue.de\/index.php?rest_route=\/wp\/v2\/posts"}],"about":[{"href":"https:\/\/mitue.de\/index.php?rest_route=\/wp\/v2\/types\/post"}],"author":[{"embeddable":true,"href":"https:\/\/mitue.de\/index.php?rest_route=\/wp\/v2\/users\/1"}],"replies":[{"embeddable":true,"href":"https:\/\/mitue.de\/index.php?rest_route=%2Fwp%2Fv2%2Fcomments&post=1809"}],"version-history":[{"count":1,"href":"https:\/\/mitue.de\/index.php?rest_route=\/wp\/v2\/posts\/1809\/revisions"}],"predecessor-version":[{"id":1810,"href":"https:\/\/mitue.de\/index.php?rest_route=\/wp\/v2\/posts\/1809\/revisions\/1810"}],"wp:attachment":[{"href":"https:\/\/mitue.de\/index.php?rest_route=%2Fwp%2Fv2%2Fmedia&parent=1809"}],"wp:term":[{"taxonomy":"category","embeddable":true,"href":"https:\/\/mitue.de\/index.php?rest_route=%2Fwp%2Fv2%2Fcategories&post=1809"},{"taxonomy":"post_tag","embeddable":true,"href":"https:\/\/mitue.de\/index.php?rest_route=%2Fwp%2Fv2%2Ftags&post=1809"}],"curies":[{"name":"wp","href":"https:\/\/api.w.org\/{rel}","templated":true}]}}