{"id":183,"date":"2008-08-01T18:30:39","date_gmt":"2008-08-01T17:30:39","guid":{"rendered":"http:\/\/mitue.de\/?p=183"},"modified":"2008-08-01T18:30:39","modified_gmt":"2008-08-01T17:30:39","slug":"dachlattenwelle","status":"publish","type":"post","link":"https:\/\/mitue.de\/?p=183","title":{"rendered":"Dachlattenwelle"},"content":{"rendered":"<p>Wunderbare Arbeiten von <a href=\"http:\/\/kuenstlerdatenbank.ifa.de\/datenblatt.php3?ID=433&amp;NAME=sch%E4fer&amp;ACTION=kuenstler&amp;SUB_ACTION=1%7C8\">Albrecht Sch\u00e4fer<\/a> in den <a href=\"http:\/\/www.kw-berlin.de\/\">Kunstwerken<\/a><\/p>\n<p><a title=\"Winds and Windings by mitue, on Flickr\" href=\"http:\/\/www.flickr.com\/photos\/mitue\/2723089176\/\"><img loading=\"lazy\" decoding=\"async\" src=\"http:\/\/farm4.static.flickr.com\/3185\/2723089176_a816c836ac.jpg\" border=\"0\" alt=\"Winds and Windings\" width=\"500\" height=\"359\" \/><\/a><\/p>\n<blockquote><p>Albrecht Sch\u00e4fer geht spielerisch mit R\u00e4umen und Materialien um, etwa im ersten Stock der Kunst-Werke. Wie in vielen ehemaligen Berliner Fabriketagen besteht hier die Decke aus einer Folge paralleler, flacher Tonnengew\u00f6lbe, die eine so genannte Kappendecke bilden. Quer zu ihren Rundungen hat Sch\u00e4fer 310 schlichte Dachlatten in einer Reihe nebeneinander aufgestellt. Alle sind gleich lang, so lang wie der Abstand vom Scheitel der Gew\u00f6lbe bis zum Boden. Damit die Dachlatten aber auch zwischen die tiefer h\u00e4ngenden Tr\u00e4ger und den Boden passen, musste Sch\u00e4fer sie biegen. So entstand eine gleichm\u00e4\u00dfig geschwungene Wand aus Latten, die den Raum mit seinen physischen Gegebenheiten auf eine ebenso genaue wie poetische Weise abbildet.<br \/>\n(mehr <a href=\"http:\/\/kunst.zitty.de\/16771\/albrecht-schaefer-ricarda-roggan-und-richard-serra.html\">hier<\/a>)<\/p><\/blockquote>\n<p><a title=\"Verflochten by mitue, on Flickr\" href=\"http:\/\/www.flickr.com\/photos\/mitue\/2722261203\/\"><img loading=\"lazy\" decoding=\"async\" src=\"http:\/\/farm4.static.flickr.com\/3206\/2722261203_e87e0c140c.jpg\" border=\"0\" alt=\"Verflochten\" width=\"500\" height=\"370\" \/><\/a><\/p>\n","protected":false},"excerpt":{"rendered":"<p>Wunderbare Arbeiten von Albrecht Sch\u00e4fer in den Kunstwerken Albrecht Sch\u00e4fer geht spielerisch mit R\u00e4umen und Materialien um, etwa im ersten Stock der Kunst-Werke. Wie in vielen ehemaligen Berliner Fabriketagen besteht hier die Decke aus einer Folge paralleler, flacher Tonnengew\u00f6lbe, die eine so genannte Kappendecke bilden. Quer zu ihren Rundungen hat Sch\u00e4fer 310 schlichte Dachlatten in [&hellip;]<\/p>\n","protected":false},"author":1,"featured_media":0,"comment_status":"open","ping_status":"open","sticky":false,"template":"","format":"standard","meta":{"footnotes":""},"categories":[5],"tags":[74,73],"class_list":["post-183","post","type-post","status-publish","format-standard","hentry","category-ausstellungen","tag-albrecht-schafer","tag-kunstwerke"],"_links":{"self":[{"href":"https:\/\/mitue.de\/index.php?rest_route=\/wp\/v2\/posts\/183","targetHints":{"allow":["GET"]}}],"collection":[{"href":"https:\/\/mitue.de\/index.php?rest_route=\/wp\/v2\/posts"}],"about":[{"href":"https:\/\/mitue.de\/index.php?rest_route=\/wp\/v2\/types\/post"}],"author":[{"embeddable":true,"href":"https:\/\/mitue.de\/index.php?rest_route=\/wp\/v2\/users\/1"}],"replies":[{"embeddable":true,"href":"https:\/\/mitue.de\/index.php?rest_route=%2Fwp%2Fv2%2Fcomments&post=183"}],"version-history":[{"count":0,"href":"https:\/\/mitue.de\/index.php?rest_route=\/wp\/v2\/posts\/183\/revisions"}],"wp:attachment":[{"href":"https:\/\/mitue.de\/index.php?rest_route=%2Fwp%2Fv2%2Fmedia&parent=183"}],"wp:term":[{"taxonomy":"category","embeddable":true,"href":"https:\/\/mitue.de\/index.php?rest_route=%2Fwp%2Fv2%2Fcategories&post=183"},{"taxonomy":"post_tag","embeddable":true,"href":"https:\/\/mitue.de\/index.php?rest_route=%2Fwp%2Fv2%2Ftags&post=183"}],"curies":[{"name":"wp","href":"https:\/\/api.w.org\/{rel}","templated":true}]}}