{"id":1836,"date":"2011-03-15T18:01:56","date_gmt":"2011-03-15T17:01:56","guid":{"rendered":"http:\/\/mitue.de\/?p=1836"},"modified":"2011-03-15T18:01:56","modified_gmt":"2011-03-15T17:01:56","slug":"alexander-futran","status":"publish","type":"post","link":"https:\/\/mitue.de\/?p=1836","title":{"rendered":"Alexander Futran"},"content":{"rendered":"<p><a href=\"http:\/\/www.flickr.com\/photos\/mitue\/5529172775\/\" title=\"Futran 3 von mitue bei Flickr\"><img loading=\"lazy\" decoding=\"async\" src=\"http:\/\/farm6.static.flickr.com\/5172\/5529172775_b005d2f5b5.jpg\" width=\"500\" height=\"128\" alt=\"Futran 3\" \/><\/a><\/p>\n<blockquote><p>Und am 16. M\u00e4rz wurde dann am Alten Markt 3, im Lokal Fuchs, von Vertretern der Arbeiterparteien <a href=\"http:\/\/de.wikipedia.org\/wiki\/Unabh%C3%A4ngige_Sozialdemokratische_Partei_Deutschlands\">USPD<\/a> und KPD das \u00bbSozialistische Verteidigungskomitee\u00ab gegr\u00fcndet. Vorsitzender wurde der Stadtverordnete <a href=\"http:\/\/de.wikipedia.org\/wiki\/Alexander_Futran\">Alexander Futran<\/a> (USPD).<\/p><\/blockquote>\n<p><a href=\"http:\/\/www.flickr.com\/photos\/mitue\/5529759722\/\" title=\"Futran 1 von mitue bei Flickr\"><img loading=\"lazy\" decoding=\"async\" src=\"http:\/\/farm6.static.flickr.com\/5053\/5529759722_c2868f5f6b.jpg\" width=\"500\" height=\"333\" alt=\"Futran 1\" \/><\/a><\/p>\n<blockquote><p>Insgesamt bestand Futrans Streitmacht aus ca. 1000 Bewaffneten. An Bewaffnung standen zur Verf\u00fcgung ca. 15 leichte Maschinengewehre, 10 schwere Maschinengewehre, 1050 Karabiner, ca. 100 Pistolen, 2 Flammenwerfer und zwei Minenwerfer. Die unruhigen Tage waren begleitet von Kundgebungen auf dem Friedrich-Wilhelm- Platz (heute Futranplatz). Wenn Alexander Futran sprach, zog es zwischen 1918 und 1920 die Arbeiter in Scharen ins am Friedrich-Wilhelm- Platz gelegene Stadttheater (Klein&#8217;s Hotel). Da sich dies oftmals als zu klein erwies, standen Tausende (in K\u00f6penick lebten damals etwa 20000 Handwerker und Industriearbeiter) davor und lauschten Futran. Der 1877 in Odessa geborene Alexander Futran war ein gl\u00e4nzender Redner und ein vielseitig gebildeter Mensch. Unter seiner F\u00fchrung war die USPD, obwohl sie mit ihren ca. 800 Mitgliedern wahrscheinlich nicht gr\u00f6\u00dfer war als die SPD, die kampfst\u00e4rkste Partei in K\u00f6penick.<br \/>\n(mehr zum K\u00f6penicker Blutsonntag vom 21. M\u00e4rz 1920, <a href=\"http:\/\/www.luise-berlin.de\/bms\/bmstxt00\/0003prof.htm\">hier<\/a> von Gerd L\u00fcdersdorf))<\/p><\/blockquote>\n","protected":false},"excerpt":{"rendered":"<p>Und am 16. M\u00e4rz wurde dann am Alten Markt 3, im Lokal Fuchs, von Vertretern der Arbeiterparteien USPD und KPD das \u00bbSozialistische Verteidigungskomitee\u00ab gegr\u00fcndet. Vorsitzender wurde der Stadtverordnete Alexander Futran (USPD). Insgesamt bestand Futrans Streitmacht aus ca. 1000 Bewaffneten. An Bewaffnung standen zur Verf\u00fcgung ca. 15 leichte Maschinengewehre, 10 schwere Maschinengewehre, 1050 Karabiner, ca. 100 [&hellip;]<\/p>\n","protected":false},"author":1,"featured_media":0,"comment_status":"open","ping_status":"closed","sticky":false,"template":"","format":"standard","meta":{"footnotes":""},"categories":[4],"tags":[],"class_list":["post-1836","post","type-post","status-publish","format-standard","hentry","category-berlin"],"_links":{"self":[{"href":"https:\/\/mitue.de\/index.php?rest_route=\/wp\/v2\/posts\/1836","targetHints":{"allow":["GET"]}}],"collection":[{"href":"https:\/\/mitue.de\/index.php?rest_route=\/wp\/v2\/posts"}],"about":[{"href":"https:\/\/mitue.de\/index.php?rest_route=\/wp\/v2\/types\/post"}],"author":[{"embeddable":true,"href":"https:\/\/mitue.de\/index.php?rest_route=\/wp\/v2\/users\/1"}],"replies":[{"embeddable":true,"href":"https:\/\/mitue.de\/index.php?rest_route=%2Fwp%2Fv2%2Fcomments&post=1836"}],"version-history":[{"count":1,"href":"https:\/\/mitue.de\/index.php?rest_route=\/wp\/v2\/posts\/1836\/revisions"}],"predecessor-version":[{"id":1837,"href":"https:\/\/mitue.de\/index.php?rest_route=\/wp\/v2\/posts\/1836\/revisions\/1837"}],"wp:attachment":[{"href":"https:\/\/mitue.de\/index.php?rest_route=%2Fwp%2Fv2%2Fmedia&parent=1836"}],"wp:term":[{"taxonomy":"category","embeddable":true,"href":"https:\/\/mitue.de\/index.php?rest_route=%2Fwp%2Fv2%2Fcategories&post=1836"},{"taxonomy":"post_tag","embeddable":true,"href":"https:\/\/mitue.de\/index.php?rest_route=%2Fwp%2Fv2%2Ftags&post=1836"}],"curies":[{"name":"wp","href":"https:\/\/api.w.org\/{rel}","templated":true}]}}