{"id":1883,"date":"2011-04-02T17:39:33","date_gmt":"2011-04-02T16:39:33","guid":{"rendered":"http:\/\/mitue.de\/?p=1883"},"modified":"2011-04-02T17:39:33","modified_gmt":"2011-04-02T16:39:33","slug":"werner-stotzer-2","status":"publish","type":"post","link":"https:\/\/mitue.de\/?p=1883","title":{"rendered":"Werner St\u00f6tzer"},"content":{"rendered":"<p>Hoffentlich kommt der Hinweis nicht zu sp\u00e4t. Morgen ist der letzte Tag der St\u00f6tzer-Ausstellung im Kolbe-Museum. Unbedingt ansehen!<br \/>\nHeute w\u00e4re Werner St\u00f6tzer \u00fcbrigens 80 Jahre alt geworden. Er starb letztes Jahr am 22. Juli.<\/p>\n<p><a href=\"http:\/\/www.flickr.com\/photos\/mitue\/241687755\/\" title=\"Anprobe von mitue bei Flickr\"><img loading=\"lazy\" decoding=\"async\" src=\"http:\/\/farm1.static.flickr.com\/87\/241687755_57698b9072.jpg\" width=\"345\" height=\"500\" alt=\"Anprobe\"><\/a><\/p>\n<blockquote><p>Werner St\u00f6tzer, geboren 1931 in Sonneberg im s\u00fcdlichen Th\u00fcringen, erhielt in seiner Heimatstadt seine erste Ausbildung als Keramikmodelleur. Danach studierte er Bildhauerei in Weimar, Dresden und Berlin, zuletzt als Meistersch\u00fcler von Gustav Seitz an der Akademie der K\u00fcnste. Von ihm und dem Ateliernachbarn Waldemar Grzimek wurde der junge Bildhauer zu eigenen fig\u00fcrlichen Werken angeregt.<\/p>\n<p>Was St\u00f6tzer zu einem Bildhauer ganz eigener Statur machte, war dann jedoch ein deutlicher Schritt heraus aus dem Schatten von Gustav Seitz; es war seine Hinwendung zum Bildhauermaterial Stein seit der Mitte der 1960er Jahre. Obwohl er gar nicht in der Steinbildhauerei ausgebildet war, verschrieb er sich dieser Technik und zwar so, dass er direkt im Material arbeitete und nicht, wie es der Tradition entsprach, Gipsmodelle kopierte oder gar von Steinmetzen wiederholen lie\u00df.<br \/>\n(mehr <a href=\"http:\/\/www.georg-kolbe-museum.de\/stoetzer.htm\">hier<\/a>)\n<\/p><\/blockquote>\n<p><a href=\"http:\/\/www.flickr.com\/photos\/mitue\/241685652\/\" title=\"Farben von mitue bei Flickr\"><img loading=\"lazy\" decoding=\"async\" src=\"http:\/\/farm1.static.flickr.com\/91\/241685652_542f768bf8.jpg\" width=\"434\" height=\"500\" alt=\"Farben\"><\/a><\/p>\n","protected":false},"excerpt":{"rendered":"<p>Hoffentlich kommt der Hinweis nicht zu sp\u00e4t. Morgen ist der letzte Tag der St\u00f6tzer-Ausstellung im Kolbe-Museum. Unbedingt ansehen! Heute w\u00e4re Werner St\u00f6tzer \u00fcbrigens 80 Jahre alt geworden. Er starb letztes Jahr am 22. Juli. Werner St\u00f6tzer, geboren 1931 in Sonneberg im s\u00fcdlichen Th\u00fcringen, erhielt in seiner Heimatstadt seine erste Ausbildung als Keramikmodelleur. Danach studierte er [&hellip;]<\/p>\n","protected":false},"author":1,"featured_media":0,"comment_status":"open","ping_status":"closed","sticky":false,"template":"","format":"standard","meta":{"footnotes":""},"categories":[5],"tags":[65],"class_list":["post-1883","post","type-post","status-publish","format-standard","hentry","category-ausstellungen","tag-werner-stotzer"],"_links":{"self":[{"href":"https:\/\/mitue.de\/index.php?rest_route=\/wp\/v2\/posts\/1883","targetHints":{"allow":["GET"]}}],"collection":[{"href":"https:\/\/mitue.de\/index.php?rest_route=\/wp\/v2\/posts"}],"about":[{"href":"https:\/\/mitue.de\/index.php?rest_route=\/wp\/v2\/types\/post"}],"author":[{"embeddable":true,"href":"https:\/\/mitue.de\/index.php?rest_route=\/wp\/v2\/users\/1"}],"replies":[{"embeddable":true,"href":"https:\/\/mitue.de\/index.php?rest_route=%2Fwp%2Fv2%2Fcomments&post=1883"}],"version-history":[{"count":1,"href":"https:\/\/mitue.de\/index.php?rest_route=\/wp\/v2\/posts\/1883\/revisions"}],"predecessor-version":[{"id":1884,"href":"https:\/\/mitue.de\/index.php?rest_route=\/wp\/v2\/posts\/1883\/revisions\/1884"}],"wp:attachment":[{"href":"https:\/\/mitue.de\/index.php?rest_route=%2Fwp%2Fv2%2Fmedia&parent=1883"}],"wp:term":[{"taxonomy":"category","embeddable":true,"href":"https:\/\/mitue.de\/index.php?rest_route=%2Fwp%2Fv2%2Fcategories&post=1883"},{"taxonomy":"post_tag","embeddable":true,"href":"https:\/\/mitue.de\/index.php?rest_route=%2Fwp%2Fv2%2Ftags&post=1883"}],"curies":[{"name":"wp","href":"https:\/\/api.w.org\/{rel}","templated":true}]}}