{"id":19,"date":"2008-01-16T10:37:49","date_gmt":"2008-01-16T09:37:49","guid":{"rendered":"http:\/\/mitue.de\/?p=19"},"modified":"2008-01-16T10:41:00","modified_gmt":"2008-01-16T09:41:00","slug":"der-kuss","status":"publish","type":"post","link":"https:\/\/mitue.de\/?p=19","title":{"rendered":"Der Kuss"},"content":{"rendered":"<p>Bei der letzten Ausgabe der <em>Backjumps<\/em> (The Live Issue #3) im letzten Jahr entstanden wieder einige Fassadenarbeiten,<br \/>\ndarunter diese Arbeit von <a href=\"http:\/\/www.psp-streetart.org\/pspop\/category\/kuenstler\/nomad\/\">NOMAD<\/a><\/p>\n<p><a href=\"http:\/\/www.flickr.com\/photos\/mitue\/1303568881\/\" title=\"NOMAD by mitue, on Flickr\"><img loading=\"lazy\" decoding=\"async\" border=\"0\" width=\"500\" src=\"http:\/\/farm2.static.flickr.com\/1109\/1303568881_84273a6e12.jpg\" alt=\"NOMAD\" height=\"381\" \/><\/a><br \/>\n<a href=\"http:\/\/www.rbb-online.de\/_\/stilbruch\/beitrag_jsp\/key=6541155.html\">NOMAD<\/a> <em>Der Kuss,<\/em> 2007<\/p>\n<blockquote><p>Die Ku\u00dflustigkeit in \u00d6sterreich und in den slawischen L\u00e4ndern, wo man sich bei allen Gelegenheiten mit K\u00fcssen \u00fcbersch\u00fcttet, ist abzulehnen; sie ist eine Unsitte, die mit mangelhafter Entwicklung der Pers\u00f6nlichkeit zusammenh\u00e4ngt. Soll der Kuss seinen Wert behalten, dann k\u00fcsse man nur im warmen Herzensdrang, gelegentlich oder zur rechten Stunde, lasse es aber im \u00fcbrigen mit einem mehr oder minder warmen H\u00e4ndedruck gen\u00fcgen, der niemand schadet und niemals oder nur selten Ekel erregt.<br \/>\n(<a href=\"http:\/\/www.schoeffling.de\/content\/autoren\/Ror-Wolf.html\">Ror Wolf<\/a><br \/>\n<a href=\"http:\/\/www.schoeffling.de\/content\/buecher\/119.html\"><em>Raoul Tranchirers vielseitiger gro\u00dfer Ratschl\u00e4ger f\u00fcr alle F\u00e4lle der Welt<\/em><\/a><br \/>\nSch\u00f6ffling &amp; Co., 1999)<\/p><\/blockquote>\n<p><a href=\"http:\/\/www.flickr.com\/photos\/mitue\/2196493547\/\" title=\"Der Kuss 1897 by mitue, on Flickr\"><img loading=\"lazy\" decoding=\"async\" border=\"0\" width=\"500\" src=\"http:\/\/farm3.static.flickr.com\/2409\/2196493547_dd62920767.jpg\" alt=\"Der Kuss 1897\" height=\"416\" \/><\/a><br \/>\n<a href=\"http:\/\/de.wikipedia.org\/wiki\/Edvard_Munch\">Edvard Munch<\/a> <em>Der Kuss<\/em> (Detail), 1897<\/p>\n","protected":false},"excerpt":{"rendered":"<p>Bei der letzten Ausgabe der Backjumps (The Live Issue #3) im letzten Jahr entstanden wieder einige Fassadenarbeiten, darunter diese Arbeit von NOMAD NOMAD Der Kuss, 2007 Die Ku\u00dflustigkeit in \u00d6sterreich und in den slawischen L\u00e4ndern, wo man sich bei allen Gelegenheiten mit K\u00fcssen \u00fcbersch\u00fcttet, ist abzulehnen; sie ist eine Unsitte, die mit mangelhafter Entwicklung der [&hellip;]<\/p>\n","protected":false},"author":1,"featured_media":0,"comment_status":"open","ping_status":"open","sticky":false,"template":"","format":"standard","meta":{"footnotes":""},"categories":[3],"tags":[13,12,15],"class_list":["post-19","post","type-post","status-publish","format-standard","hentry","category-kunst-im-offentlichen-raum","tag-fassade","tag-streetart","tag-zitat"],"_links":{"self":[{"href":"https:\/\/mitue.de\/index.php?rest_route=\/wp\/v2\/posts\/19","targetHints":{"allow":["GET"]}}],"collection":[{"href":"https:\/\/mitue.de\/index.php?rest_route=\/wp\/v2\/posts"}],"about":[{"href":"https:\/\/mitue.de\/index.php?rest_route=\/wp\/v2\/types\/post"}],"author":[{"embeddable":true,"href":"https:\/\/mitue.de\/index.php?rest_route=\/wp\/v2\/users\/1"}],"replies":[{"embeddable":true,"href":"https:\/\/mitue.de\/index.php?rest_route=%2Fwp%2Fv2%2Fcomments&post=19"}],"version-history":[{"count":0,"href":"https:\/\/mitue.de\/index.php?rest_route=\/wp\/v2\/posts\/19\/revisions"}],"wp:attachment":[{"href":"https:\/\/mitue.de\/index.php?rest_route=%2Fwp%2Fv2%2Fmedia&parent=19"}],"wp:term":[{"taxonomy":"category","embeddable":true,"href":"https:\/\/mitue.de\/index.php?rest_route=%2Fwp%2Fv2%2Fcategories&post=19"},{"taxonomy":"post_tag","embeddable":true,"href":"https:\/\/mitue.de\/index.php?rest_route=%2Fwp%2Fv2%2Ftags&post=19"}],"curies":[{"name":"wp","href":"https:\/\/api.w.org\/{rel}","templated":true}]}}