{"id":1914,"date":"2011-04-15T17:06:48","date_gmt":"2011-04-15T16:06:48","guid":{"rendered":"http:\/\/mitue.de\/?p=1914"},"modified":"2011-04-15T17:06:48","modified_gmt":"2011-04-15T16:06:48","slug":"paul-holz","status":"publish","type":"post","link":"https:\/\/mitue.de\/?p=1914","title":{"rendered":"Paul Holz"},"content":{"rendered":"<p><a href=\"http:\/\/www.berlinonline.de\/berliner-zeitung\/archiv\/.bin\/dump.fcgi\/2011\/0412\/kunst\/0049\/index.html\">Paul Holz in der Galerie Parterre<\/a><\/p>\n<p><a href=\"http:\/\/www.flickr.com\/photos\/mitue\/5622193588\/\" title=\"Paul Holz von mitue bei Flickr\"><img loading=\"lazy\" decoding=\"async\" src=\"http:\/\/farm6.static.flickr.com\/5267\/5622193588_b16ca489dc.jpg\" width=\"500\" height=\"333\" alt=\"Paul Holz\"><\/a><\/p>\n<blockquote><p>Als Autodidakt entwickelte <a href=\"http:\/\/de.wikipedia.org\/wiki\/Paul_Holz_(Zeichner)\">Paul Holz<\/a> sich schnell zu einem \u201eder ganz gro\u00dfen deutschen Zeichner unseres Jahrhunderts, weil er in seltenem Ma\u00dfe die F\u00e4higkeit besa\u00df, die dramatische, fast tragische Konstellation in menschlichen Existenzen zu ersp\u00fcren und mit den stets treffenden Mitteln seines Zeichenstils wiederzugeben\u201c (Zitat: Helmut B\u00f6rsch-Supan). Realismus, aber auch expressive Verfremdung pr\u00e4gen seine k\u00fcnstlerische Handschrift. <\/p><\/blockquote>\n","protected":false},"excerpt":{"rendered":"<p>Paul Holz in der Galerie Parterre Als Autodidakt entwickelte Paul Holz sich schnell zu einem \u201eder ganz gro\u00dfen deutschen Zeichner unseres Jahrhunderts, weil er in seltenem Ma\u00dfe die F\u00e4higkeit besa\u00df, die dramatische, fast tragische Konstellation in menschlichen Existenzen zu ersp\u00fcren und mit den stets treffenden Mitteln seines Zeichenstils wiederzugeben\u201c (Zitat: Helmut B\u00f6rsch-Supan). Realismus, aber auch [&hellip;]<\/p>\n","protected":false},"author":1,"featured_media":0,"comment_status":"open","ping_status":"closed","sticky":false,"template":"","format":"standard","meta":{"footnotes":""},"categories":[5],"tags":[375],"class_list":["post-1914","post","type-post","status-publish","format-standard","hentry","category-ausstellungen","tag-paul-holz"],"_links":{"self":[{"href":"https:\/\/mitue.de\/index.php?rest_route=\/wp\/v2\/posts\/1914","targetHints":{"allow":["GET"]}}],"collection":[{"href":"https:\/\/mitue.de\/index.php?rest_route=\/wp\/v2\/posts"}],"about":[{"href":"https:\/\/mitue.de\/index.php?rest_route=\/wp\/v2\/types\/post"}],"author":[{"embeddable":true,"href":"https:\/\/mitue.de\/index.php?rest_route=\/wp\/v2\/users\/1"}],"replies":[{"embeddable":true,"href":"https:\/\/mitue.de\/index.php?rest_route=%2Fwp%2Fv2%2Fcomments&post=1914"}],"version-history":[{"count":1,"href":"https:\/\/mitue.de\/index.php?rest_route=\/wp\/v2\/posts\/1914\/revisions"}],"predecessor-version":[{"id":1915,"href":"https:\/\/mitue.de\/index.php?rest_route=\/wp\/v2\/posts\/1914\/revisions\/1915"}],"wp:attachment":[{"href":"https:\/\/mitue.de\/index.php?rest_route=%2Fwp%2Fv2%2Fmedia&parent=1914"}],"wp:term":[{"taxonomy":"category","embeddable":true,"href":"https:\/\/mitue.de\/index.php?rest_route=%2Fwp%2Fv2%2Fcategories&post=1914"},{"taxonomy":"post_tag","embeddable":true,"href":"https:\/\/mitue.de\/index.php?rest_route=%2Fwp%2Fv2%2Ftags&post=1914"}],"curies":[{"name":"wp","href":"https:\/\/api.w.org\/{rel}","templated":true}]}}