{"id":192,"date":"2008-08-13T19:56:16","date_gmt":"2008-08-13T18:56:16","guid":{"rendered":"http:\/\/mitue.de\/?p=192"},"modified":"2008-08-13T19:57:26","modified_gmt":"2008-08-13T18:57:26","slug":"der-letzte-kampf-des-palastes","status":"publish","type":"post","link":"https:\/\/mitue.de\/?p=192","title":{"rendered":"Der letzte Kampf des Palastes"},"content":{"rendered":"<p><a title=\"Der letzte Kampf by mitue, on Flickr\" href=\"http:\/\/www.flickr.com\/photos\/mitue\/2760743784\/\"><img loading=\"lazy\" decoding=\"async\" src=\"http:\/\/farm4.static.flickr.com\/3103\/2760743784_6c9e26a3eb.jpg\" border=\"0\" alt=\"Der letzte Kampf\" width=\"500\" height=\"354\" \/><\/a><\/p>\n<blockquote><p>Es ist wie ein letzter, symbolischer Kampf. Das Prestigeobjekt der DDR, der Palast der Republik, der auf Beschluss des Deutschen Bundestags abgerissen wird, l\u00e4sst dies nicht so einfach zu. Noch immer ragen in Berlins Mitte die acht Betontreppent\u00fcrme wie unbeugsame Skelette in den Himmel. Da, wo bereits in f\u00fcnf Jahren das sogenannte Humboldt-Forum in schloss\u00e4hnlicher Gestalt stehen soll, drehen sich riesige Kr\u00e4ne.<br \/>\n(mehr <a href=\"http:\/\/www.netzeitung.de\/politik\/deutschland\/1118997.html\">hier<\/a> in der netzeitung)<\/p><\/blockquote>\n","protected":false},"excerpt":{"rendered":"<p>Es ist wie ein letzter, symbolischer Kampf. Das Prestigeobjekt der DDR, der Palast der Republik, der auf Beschluss des Deutschen Bundestags abgerissen wird, l\u00e4sst dies nicht so einfach zu. Noch immer ragen in Berlins Mitte die acht Betontreppent\u00fcrme wie unbeugsame Skelette in den Himmel. Da, wo bereits in f\u00fcnf Jahren das sogenannte Humboldt-Forum in schloss\u00e4hnlicher [&hellip;]<\/p>\n","protected":false},"author":1,"featured_media":0,"comment_status":"open","ping_status":"open","sticky":false,"template":"","format":"standard","meta":{"footnotes":""},"categories":[4],"tags":[11],"class_list":["post-192","post","type-post","status-publish","format-standard","hentry","category-berlin","tag-architektur"],"_links":{"self":[{"href":"https:\/\/mitue.de\/index.php?rest_route=\/wp\/v2\/posts\/192","targetHints":{"allow":["GET"]}}],"collection":[{"href":"https:\/\/mitue.de\/index.php?rest_route=\/wp\/v2\/posts"}],"about":[{"href":"https:\/\/mitue.de\/index.php?rest_route=\/wp\/v2\/types\/post"}],"author":[{"embeddable":true,"href":"https:\/\/mitue.de\/index.php?rest_route=\/wp\/v2\/users\/1"}],"replies":[{"embeddable":true,"href":"https:\/\/mitue.de\/index.php?rest_route=%2Fwp%2Fv2%2Fcomments&post=192"}],"version-history":[{"count":0,"href":"https:\/\/mitue.de\/index.php?rest_route=\/wp\/v2\/posts\/192\/revisions"}],"wp:attachment":[{"href":"https:\/\/mitue.de\/index.php?rest_route=%2Fwp%2Fv2%2Fmedia&parent=192"}],"wp:term":[{"taxonomy":"category","embeddable":true,"href":"https:\/\/mitue.de\/index.php?rest_route=%2Fwp%2Fv2%2Fcategories&post=192"},{"taxonomy":"post_tag","embeddable":true,"href":"https:\/\/mitue.de\/index.php?rest_route=%2Fwp%2Fv2%2Ftags&post=192"}],"curies":[{"name":"wp","href":"https:\/\/api.w.org\/{rel}","templated":true}]}}