{"id":193,"date":"2008-08-15T16:51:23","date_gmt":"2008-08-15T15:51:23","guid":{"rendered":"http:\/\/mitue.de\/?p=193"},"modified":"2008-08-15T16:51:23","modified_gmt":"2008-08-15T15:51:23","slug":"auf-einen-rotspon-in-lubeck-3","status":"publish","type":"post","link":"https:\/\/mitue.de\/?p=193","title":{"rendered":"Auf einen Rotspon in L\u00fcbeck (3)"},"content":{"rendered":"<p><a title=\"Glasfenster by mitue, on Flickr\" href=\"http:\/\/www.flickr.com\/photos\/mitue\/2765751124\/\"><img loading=\"lazy\" decoding=\"async\" src=\"http:\/\/farm4.static.flickr.com\/3108\/2765751124_0ef33acbaa.jpg\" border=\"0\" alt=\"Glasfenster\" width=\"500\" height=\"334\" \/><\/a><br \/>\n(Tympanonfenster nach einem Entwurf von Markus L\u00fcpertz)<\/p>\n<p>In <a href=\"http:\/\/de.wikipedia.org\/wiki\/Marienkirche_(L%C3%BCbeck)\">St. Marien zu L\u00fcbeck<\/a><\/p>\n<p><a title=\"Glocken St. Marien by mitue, on Flickr\" href=\"http:\/\/www.flickr.com\/photos\/mitue\/2765715084\/\"><img loading=\"lazy\" decoding=\"async\" src=\"http:\/\/farm4.static.flickr.com\/3174\/2765715084_52308dd019.jpg\" border=\"0\" alt=\"Glocken St. Marien\" width=\"500\" height=\"334\" \/><\/a><\/p>\n<p><a href=\"http:\/\/www.hl-live.de\/aktuell\/text.php?id=27732\">Die Glocken von St. Marien<\/a><\/p>\n<blockquote><p>In der Nacht zum Palmsonntag vom 28. zum 29. M\u00e4rz 1942 brannte die Marienkirche (wie auch der Dom und die Petrikirche) bei dem Luftangriff auf L\u00fcbeck, bei dem ein F\u00fcnftel der L\u00fcbecker Innenstadt zerst\u00f6rt wurde, fast v\u00f6llig aus.<br \/>\nDie bei dem Brand herabgest\u00fcrzten Glocken blieben als Mahnmal am Boden liegen und sind noch heute in der Gedenkkapelle im s\u00fcdlichen Turm zu sehen.<br \/>\nBei den herabgest\u00fcrzten Glocken handelt es sich auf der linken Seite um die Sonntagsglocke von 1508 und rechts um die Pulsglocke von 1668. Die Pulsglocke hatte vor der Zerst\u00f6rung ein Gewicht von 7134 kg und einen Durchmesser von 2,26 m.<\/p><\/blockquote>\n<p><a title=\"Verletzungen by mitue, on Flickr\" href=\"http:\/\/www.flickr.com\/photos\/mitue\/2764905635\/\"><img loading=\"lazy\" decoding=\"async\" src=\"http:\/\/farm4.static.flickr.com\/3032\/2764905635_dbf2a11bea.jpg\" border=\"0\" alt=\"Verletzungen\" width=\"500\" height=\"334\" \/><\/a><br \/>\nVerletzungen &#8211; Verbindungen<br \/>\n<em>14 gebrochene Kreuze<\/em> von <a href=\"http:\/\/de.wikipedia.org\/wiki\/G%C3%BCnther_Uecker\">G\u00fcnther Uecker<\/a>, 2000<\/p>\n<p><a title=\"Grass Totes Holz by mitue, on Flickr\" href=\"http:\/\/www.flickr.com\/photos\/mitue\/2765696242\/\"><img loading=\"lazy\" decoding=\"async\" src=\"http:\/\/farm4.static.flickr.com\/3153\/2765696242_74850ca57f.jpg\" border=\"0\" alt=\"Grass Totes Holz\" width=\"500\" height=\"334\" \/><\/a><\/p>\n<p><a title=\"Grass by mitue, on Flickr\" href=\"http:\/\/www.flickr.com\/photos\/mitue\/2764848761\/\"><img loading=\"lazy\" decoding=\"async\" src=\"http:\/\/farm4.static.flickr.com\/3269\/2764848761_6b88140abb.jpg\" border=\"0\" alt=\"Grass\" width=\"500\" height=\"334\" \/><\/a><br \/>\n<a href=\"http:\/\/www.nordcomp.de\/seiten\/luebeck.htm\">G\u00fcnter Grass in St. Marien<\/a><\/p>\n<p><a title=\"M\u00e4usschen by mitue, on Flickr\" href=\"http:\/\/www.flickr.com\/photos\/mitue\/2764904919\/\"><img loading=\"lazy\" decoding=\"async\" src=\"http:\/\/farm4.static.flickr.com\/3199\/2764904919_8c92f71e5f.jpg\" border=\"0\" alt=\"M\u00e4usschen\" width=\"500\" height=\"334\" \/><\/a><br \/>\n<a href=\"http:\/\/de.wikipedia.org\/wiki\/Heinrich_Brabender\">Heinrich Brabender<\/a>, Maus im Abendmahlrelief<\/p>\n<blockquote><p>Die kleine Maus brachte zun\u00e4chst &#8230; gro\u00dfes Ungl\u00fcck \u00fcber die Stadt. Die Sage erz\u00e4hlt, dass neben der Marienkirche n\u00e4mlich einst ein Rosenstock wuchs und dass die Stadt frei bleiben w\u00fcrde, solange dieser Rosenstock bl\u00fche. Und dann kam die Maus und knabberte die Wurzeln an! Und es kam, wie es kommen musste: Die Stadt wurde von Feinden eingenommen, und die L\u00fcbecker verloren ihre Freiheit. Als sie diese sp\u00e4ter wiedererlangten, lie\u00df die Stadtversammlung die Maus in Stein mei\u00dfeln. Sie ist heute in der Marienkirche zu finden, links vom Relief des Abendmahls. Und nicht vergessen, einmal streicheln ist Pflicht!<br \/>\n(<a href=\"http:\/\/reisebuch.de\/deutschland\/ostsee\/ostseekueste_schleswig_holstein-77_info_3.html\">hier<\/a>)<\/p><\/blockquote>\n","protected":false},"excerpt":{"rendered":"<p>(Tympanonfenster nach einem Entwurf von Markus L\u00fcpertz) In St. Marien zu L\u00fcbeck Die Glocken von St. Marien In der Nacht zum Palmsonntag vom 28. zum 29. M\u00e4rz 1942 brannte die Marienkirche (wie auch der Dom und die Petrikirche) bei dem Luftangriff auf L\u00fcbeck, bei dem ein F\u00fcnftel der L\u00fcbecker Innenstadt zerst\u00f6rt wurde, fast v\u00f6llig aus. [&hellip;]<\/p>\n","protected":false},"author":1,"featured_media":0,"comment_status":"open","ping_status":"open","sticky":false,"template":"","format":"standard","meta":{"footnotes":""},"categories":[7],"tags":[77,76],"class_list":["post-193","post","type-post","status-publish","format-standard","hentry","category-jwd","tag-gunter-grass-gunther-uecker","tag-lubeck"],"_links":{"self":[{"href":"https:\/\/mitue.de\/index.php?rest_route=\/wp\/v2\/posts\/193","targetHints":{"allow":["GET"]}}],"collection":[{"href":"https:\/\/mitue.de\/index.php?rest_route=\/wp\/v2\/posts"}],"about":[{"href":"https:\/\/mitue.de\/index.php?rest_route=\/wp\/v2\/types\/post"}],"author":[{"embeddable":true,"href":"https:\/\/mitue.de\/index.php?rest_route=\/wp\/v2\/users\/1"}],"replies":[{"embeddable":true,"href":"https:\/\/mitue.de\/index.php?rest_route=%2Fwp%2Fv2%2Fcomments&post=193"}],"version-history":[{"count":0,"href":"https:\/\/mitue.de\/index.php?rest_route=\/wp\/v2\/posts\/193\/revisions"}],"wp:attachment":[{"href":"https:\/\/mitue.de\/index.php?rest_route=%2Fwp%2Fv2%2Fmedia&parent=193"}],"wp:term":[{"taxonomy":"category","embeddable":true,"href":"https:\/\/mitue.de\/index.php?rest_route=%2Fwp%2Fv2%2Fcategories&post=193"},{"taxonomy":"post_tag","embeddable":true,"href":"https:\/\/mitue.de\/index.php?rest_route=%2Fwp%2Fv2%2Ftags&post=193"}],"curies":[{"name":"wp","href":"https:\/\/api.w.org\/{rel}","templated":true}]}}