{"id":1977,"date":"2011-05-18T18:54:05","date_gmt":"2011-05-18T17:54:05","guid":{"rendered":"http:\/\/mitue.de\/?p=1977"},"modified":"2011-05-18T18:54:05","modified_gmt":"2011-05-18T17:54:05","slug":"margarethe-strahlt-wieder","status":"publish","type":"post","link":"https:\/\/mitue.de\/?p=1977","title":{"rendered":"Margarethe strahlt wieder"},"content":{"rendered":"<p><a href=\"http:\/\/www.flickr.com\/photos\/mitue\/4213054743\/\" title=\"Friedrich Drake von mitue bei Flickr\"><img loading=\"lazy\" decoding=\"async\" src=\"http:\/\/farm3.static.flickr.com\/2613\/4213054743_9cfb71f4c1.jpg\" width=\"500\" height=\"333\" alt=\"Friedrich Drake\"><\/a><\/p>\n<p>Da wird sich <a href=\"http:\/\/www.zwoelf-apostel-berlin.de\/kirchhoefe\/index31d.shtml\">Friedrich Drake<\/a> freuen. Tochter Margarethe strahlt wieder.<\/p>\n<blockquote><p>Die Siegesg\u00f6ttin Viktoria gl\u00e4nzt wieder. Auch wenn die Sonne nicht scheint, ist die neu vergoldete Figur auf der Siegess\u00e4ule weithin sichtbar und nicht mehr von einem Bauger\u00fcst umstellt. &#8222;Es ist eine wundersch\u00f6ne Skulptur. Sie strahlt wieder richtig&#8220;, sagt Ute Grallert, Historikerin und P\u00e4chterin der Siegess\u00e4ule. Fast eineinhalb Jahre lang wurde das Monument auf dem Gro\u00dfen Stern im Tiergarten gereinigt und saniert.<br \/>\n(mehr <a href=\"http:\/\/www.berlinonline.de\/berliner-zeitung\/archiv\/.bin\/dump.fcgi\/2011\/0518\/berlin\/0031\/index.html\">hier<\/a>)\n<\/p><\/blockquote>\n","protected":false},"excerpt":{"rendered":"<p>Da wird sich Friedrich Drake freuen. Tochter Margarethe strahlt wieder. Die Siegesg\u00f6ttin Viktoria gl\u00e4nzt wieder. Auch wenn die Sonne nicht scheint, ist die neu vergoldete Figur auf der Siegess\u00e4ule weithin sichtbar und nicht mehr von einem Bauger\u00fcst umstellt. &#8222;Es ist eine wundersch\u00f6ne Skulptur. Sie strahlt wieder richtig&#8220;, sagt Ute Grallert, Historikerin und P\u00e4chterin der Siegess\u00e4ule. [&hellip;]<\/p>\n","protected":false},"author":1,"featured_media":0,"comment_status":"open","ping_status":"closed","sticky":false,"template":"","format":"standard","meta":{"footnotes":""},"categories":[3],"tags":[219],"class_list":["post-1977","post","type-post","status-publish","format-standard","hentry","category-kunst-im-offentlichen-raum","tag-friedrich-drake"],"_links":{"self":[{"href":"https:\/\/mitue.de\/index.php?rest_route=\/wp\/v2\/posts\/1977","targetHints":{"allow":["GET"]}}],"collection":[{"href":"https:\/\/mitue.de\/index.php?rest_route=\/wp\/v2\/posts"}],"about":[{"href":"https:\/\/mitue.de\/index.php?rest_route=\/wp\/v2\/types\/post"}],"author":[{"embeddable":true,"href":"https:\/\/mitue.de\/index.php?rest_route=\/wp\/v2\/users\/1"}],"replies":[{"embeddable":true,"href":"https:\/\/mitue.de\/index.php?rest_route=%2Fwp%2Fv2%2Fcomments&post=1977"}],"version-history":[{"count":1,"href":"https:\/\/mitue.de\/index.php?rest_route=\/wp\/v2\/posts\/1977\/revisions"}],"predecessor-version":[{"id":1978,"href":"https:\/\/mitue.de\/index.php?rest_route=\/wp\/v2\/posts\/1977\/revisions\/1978"}],"wp:attachment":[{"href":"https:\/\/mitue.de\/index.php?rest_route=%2Fwp%2Fv2%2Fmedia&parent=1977"}],"wp:term":[{"taxonomy":"category","embeddable":true,"href":"https:\/\/mitue.de\/index.php?rest_route=%2Fwp%2Fv2%2Fcategories&post=1977"},{"taxonomy":"post_tag","embeddable":true,"href":"https:\/\/mitue.de\/index.php?rest_route=%2Fwp%2Fv2%2Ftags&post=1977"}],"curies":[{"name":"wp","href":"https:\/\/api.w.org\/{rel}","templated":true}]}}