{"id":1983,"date":"2011-05-21T18:55:48","date_gmt":"2011-05-21T17:55:48","guid":{"rendered":"http:\/\/mitue.de\/?p=1983"},"modified":"2011-05-21T18:55:48","modified_gmt":"2011-05-21T17:55:48","slug":"privatecorporate-vi","status":"publish","type":"post","link":"https:\/\/mitue.de\/?p=1983","title":{"rendered":"Private\/Corporate VI"},"content":{"rendered":"<p>The <a href=\"http:\/\/www.sammlung.daimler.com\/contemporary\/11_04_privcorp6\/privcorp6_index_g.htm\">Juan &#038; Patricia Vergez Collection<\/a>, Buenos Aires,<br \/>\nin dialog with the Daimler Art Collection, Stuttgart\/Berlin<\/p>\n<p><a href=\"http:\/\/www.flickr.com\/photos\/mitue\/5743172725\/\" title=\"Dandelion von mitue bei Flickr\"><img loading=\"lazy\" decoding=\"async\" src=\"http:\/\/farm6.static.flickr.com\/5221\/5743172725_4b5022559e.jpg\" width=\"500\" height=\"333\" alt=\"Dandelion\"><\/a><br \/>\n<a href=\"http:\/\/www.art-magazin.de\/kunst\/25293\/gabriel_orozco_new_york\">Gabriel Orozco<\/a>, Dent de Lion, 1998<\/p>\n<blockquote><p>F\u00fcr die sechste Folge der Ausstellungsreihe \u203aPrivate\/Corporate\u2039 hat die Daimler Kunst Sammlung das argentinische Ehepaar Juan und Patricia Vergez eingeladen. Ihre hochkar\u00e4tige Privatsammlung zeitgen\u00f6ssischer argentinischer und internationaler Kunst ist in einer ehemaligen Schreibwarenfabrik in Buenos Aires beheimatet. F\u00fcr die Kooperation mit der Daimler Kunst Sammlung reisen repr\u00e4sentative Arbeiten nach Berlin und nehmen einen Dialog auf mit ausgew\u00e4hlten klassischen und aktuellen Werken der Daimler Sammlung. Die Ausstellung gibt nicht nur Einblick in die argentinische Kunst der 1960er Jahre bis heute, sondern diskutiert auch deren vitale Verbindungen mit der internationalen Kunstszene.\n<\/p><\/blockquote>\n","protected":false},"excerpt":{"rendered":"<p>The Juan &#038; Patricia Vergez Collection, Buenos Aires, in dialog with the Daimler Art Collection, Stuttgart\/Berlin Gabriel Orozco, Dent de Lion, 1998 F\u00fcr die sechste Folge der Ausstellungsreihe \u203aPrivate\/Corporate\u2039 hat die Daimler Kunst Sammlung das argentinische Ehepaar Juan und Patricia Vergez eingeladen. Ihre hochkar\u00e4tige Privatsammlung zeitgen\u00f6ssischer argentinischer und internationaler Kunst ist in einer ehemaligen Schreibwarenfabrik [&hellip;]<\/p>\n","protected":false},"author":1,"featured_media":0,"comment_status":"open","ping_status":"closed","sticky":false,"template":"","format":"standard","meta":{"footnotes":""},"categories":[5],"tags":[],"class_list":["post-1983","post","type-post","status-publish","format-standard","hentry","category-ausstellungen"],"_links":{"self":[{"href":"https:\/\/mitue.de\/index.php?rest_route=\/wp\/v2\/posts\/1983","targetHints":{"allow":["GET"]}}],"collection":[{"href":"https:\/\/mitue.de\/index.php?rest_route=\/wp\/v2\/posts"}],"about":[{"href":"https:\/\/mitue.de\/index.php?rest_route=\/wp\/v2\/types\/post"}],"author":[{"embeddable":true,"href":"https:\/\/mitue.de\/index.php?rest_route=\/wp\/v2\/users\/1"}],"replies":[{"embeddable":true,"href":"https:\/\/mitue.de\/index.php?rest_route=%2Fwp%2Fv2%2Fcomments&post=1983"}],"version-history":[{"count":1,"href":"https:\/\/mitue.de\/index.php?rest_route=\/wp\/v2\/posts\/1983\/revisions"}],"predecessor-version":[{"id":1984,"href":"https:\/\/mitue.de\/index.php?rest_route=\/wp\/v2\/posts\/1983\/revisions\/1984"}],"wp:attachment":[{"href":"https:\/\/mitue.de\/index.php?rest_route=%2Fwp%2Fv2%2Fmedia&parent=1983"}],"wp:term":[{"taxonomy":"category","embeddable":true,"href":"https:\/\/mitue.de\/index.php?rest_route=%2Fwp%2Fv2%2Fcategories&post=1983"},{"taxonomy":"post_tag","embeddable":true,"href":"https:\/\/mitue.de\/index.php?rest_route=%2Fwp%2Fv2%2Ftags&post=1983"}],"curies":[{"name":"wp","href":"https:\/\/api.w.org\/{rel}","templated":true}]}}