{"id":2150,"date":"2011-08-29T18:55:36","date_gmt":"2011-08-29T17:55:36","guid":{"rendered":"http:\/\/mitue.de\/?p=2150"},"modified":"2011-08-29T18:56:07","modified_gmt":"2011-08-29T17:56:07","slug":"museum-junge-kunst-frankfurtoder","status":"publish","type":"post","link":"https:\/\/mitue.de\/?p=2150","title":{"rendered":"Museum Junge Kunst Frankfurt\/Oder"},"content":{"rendered":"<p><a href=\"http:\/\/www.flickr.com\/photos\/mitue\/6093745340\/\" title=\"Museum Junge Kunst von mitue bei Flickr\"><img loading=\"lazy\" decoding=\"async\" src=\"http:\/\/farm7.static.flickr.com\/6081\/6093745340_c55c5bb0bf.jpg\" width=\"500\" height=\"333\" alt=\"Museum Junge Kunst\"><\/a><\/p>\n<p><a href=\"http:\/\/www.museum-junge-kunst.de\/\">Aktuelle Ausstellung im Museum Junge Kunst<\/a>:<br \/>\nBlicke und Gesten &#8211; Portr\u00e4ts aus der Sammlung des Museums <\/p>\n<p><a href=\"http:\/\/www.flickr.com\/photos\/mitue\/6093746572\/\" title=\"Packhof von mitue bei Flickr\"><img loading=\"lazy\" decoding=\"async\" src=\"http:\/\/farm7.static.flickr.com\/6188\/6093746572_3558d06554.jpg\" width=\"500\" height=\"333\" alt=\"Packhof\"><\/a><\/p>\n<p>Pawel Jarodzki aus Breslau stellt im Packhof des Museums Junge Kunst in Frankfurt (Oder) aus.<\/p>\n<blockquote><p>Unmittelbar, kraftvoll und nicht nur \u00e4sthetisch subversiv, bedient sich der Allroundk\u00fcnstler [Jarodzki] ungew\u00f6hnlichen Malgr\u00fcnden und Techniken. Auf Billbords im \u00f6ffentlichen Raum, auf Blechen, auf wackligen Holztafeln, auf Leinw\u00e4nden und auf Fundst\u00fccken vom Sperrm\u00fcll setzt er mittels Schablonen, Walzen und Pinsel seine Figuren, Textmontagen, Politzeichen und Ornamente. Sie erinnern an die krude Sprache der Street Art und an eine Pop Art, die alles Raffinierte und Glatte verloren hat. D\u00fcrer und Beuys werden zum Beispiel neben unbekannte Personen gestellt, aber ebenso entstehen Serien von Schaufenster-auslagen eines Fleischer- und Fischladens oder Blumenbilder. Egal, ob mit oder ohne Textattacken, ob politisch gemeint oder nicht, irgendwie richtet sich alles gegen den Mainstream, gegen Konsumterror und gegen den guten Geschmack.<br \/>\n(<a href=\"http:\/\/www.maerkischeallgemeine.de\/cms\/beitrag\/12142749\/66109\/Pawe%C5%82-Jarodzki-Die-Existenz-Gottes-haengt-von-uns-_1.html\">hier<\/a>)<\/p><\/blockquote>\n","protected":false},"excerpt":{"rendered":"<p>Aktuelle Ausstellung im Museum Junge Kunst: Blicke und Gesten &#8211; Portr\u00e4ts aus der Sammlung des Museums Pawel Jarodzki aus Breslau stellt im Packhof des Museums Junge Kunst in Frankfurt (Oder) aus. Unmittelbar, kraftvoll und nicht nur \u00e4sthetisch subversiv, bedient sich der Allroundk\u00fcnstler [Jarodzki] ungew\u00f6hnlichen Malgr\u00fcnden und Techniken. Auf Billbords im \u00f6ffentlichen Raum, auf Blechen, auf [&hellip;]<\/p>\n","protected":false},"author":1,"featured_media":0,"comment_status":"open","ping_status":"closed","sticky":false,"template":"","format":"standard","meta":{"footnotes":""},"categories":[5,27],"tags":[],"class_list":["post-2150","post","type-post","status-publish","format-standard","hentry","category-ausstellungen","category-berliner-umgebung"],"_links":{"self":[{"href":"https:\/\/mitue.de\/index.php?rest_route=\/wp\/v2\/posts\/2150","targetHints":{"allow":["GET"]}}],"collection":[{"href":"https:\/\/mitue.de\/index.php?rest_route=\/wp\/v2\/posts"}],"about":[{"href":"https:\/\/mitue.de\/index.php?rest_route=\/wp\/v2\/types\/post"}],"author":[{"embeddable":true,"href":"https:\/\/mitue.de\/index.php?rest_route=\/wp\/v2\/users\/1"}],"replies":[{"embeddable":true,"href":"https:\/\/mitue.de\/index.php?rest_route=%2Fwp%2Fv2%2Fcomments&post=2150"}],"version-history":[{"count":2,"href":"https:\/\/mitue.de\/index.php?rest_route=\/wp\/v2\/posts\/2150\/revisions"}],"predecessor-version":[{"id":2152,"href":"https:\/\/mitue.de\/index.php?rest_route=\/wp\/v2\/posts\/2150\/revisions\/2152"}],"wp:attachment":[{"href":"https:\/\/mitue.de\/index.php?rest_route=%2Fwp%2Fv2%2Fmedia&parent=2150"}],"wp:term":[{"taxonomy":"category","embeddable":true,"href":"https:\/\/mitue.de\/index.php?rest_route=%2Fwp%2Fv2%2Fcategories&post=2150"},{"taxonomy":"post_tag","embeddable":true,"href":"https:\/\/mitue.de\/index.php?rest_route=%2Fwp%2Fv2%2Ftags&post=2150"}],"curies":[{"name":"wp","href":"https:\/\/api.w.org\/{rel}","templated":true}]}}