{"id":2180,"date":"2011-09-08T20:08:59","date_gmt":"2011-09-08T19:08:59","guid":{"rendered":"http:\/\/mitue.de\/?p=2180"},"modified":"2011-09-08T20:08:59","modified_gmt":"2011-09-08T19:08:59","slug":"about-painting","status":"publish","type":"post","link":"https:\/\/mitue.de\/?p=2180","title":{"rendered":"about painting"},"content":{"rendered":"<p><b>a<\/b>rt <b>b<\/b>erlin <b>c<\/b>ontemporary  &#8211; <a href=\"http:\/\/www.monopol-magazin.de\/tv\/201086\/Art-Berlin-Contemporary-ABC.html\">ein Rundgang<\/a><\/p>\n<p><a href=\"http:\/\/www.flickr.com\/photos\/mitue\/6127471159\/\" title=\"About painting von mitue bei Flickr\"><img loading=\"lazy\" decoding=\"async\" src=\"http:\/\/farm7.static.flickr.com\/6188\/6127471159_9d3f06793f.jpg\" width=\"500\" height=\"333\" alt=\"About painting\"><\/a><\/p>\n<p><a href=\"http:\/\/www.flickr.com\/photos\/mitue\/6127491211\/\" title=\"abc von mitue bei Flickr\"><img loading=\"lazy\" decoding=\"async\" src=\"http:\/\/farm7.static.flickr.com\/6208\/6127491211_30d294bc84.jpg\" width=\"500\" height=\"375\" alt=\"abc\"><\/a><\/p>\n<blockquote><p>Die Malerei steht diesmal im Zentrum der abc \u2013 art berlin contemporary. 130 K\u00fcnstler aus 125 nationalen und internationalen Galerien wurden mit der kuratorischen Unterst\u00fctzung von Rita Kersting (ehemals Direktorin des Kunstvereins f\u00fcr das Rheinland und Westfalen) ausgew\u00e4hlt und gemeinsam mit Marc Gl\u00f6de (Filmwissenschaftler, Kurator abc 2010) f\u00fcr das historische Ausstellungsgel\u00e4nde Postbahnhof am Gleisdreieck in einen r\u00e4umlichen Rahmen gesetzt.<br \/>\n(<a href=\"http:\/\/www.kunst-magazin.de\/abc-art-berlin-contemporary-%E2%80%9Eabout-painting%E2%80%9C\/\">hier<\/a>)<\/p><\/blockquote>\n","protected":false},"excerpt":{"rendered":"<p>art berlin contemporary &#8211; ein Rundgang Die Malerei steht diesmal im Zentrum der abc \u2013 art berlin contemporary. 130 K\u00fcnstler aus 125 nationalen und internationalen Galerien wurden mit der kuratorischen Unterst\u00fctzung von Rita Kersting (ehemals Direktorin des Kunstvereins f\u00fcr das Rheinland und Westfalen) ausgew\u00e4hlt und gemeinsam mit Marc Gl\u00f6de (Filmwissenschaftler, Kurator abc 2010) f\u00fcr das [&hellip;]<\/p>\n","protected":false},"author":1,"featured_media":0,"comment_status":"open","ping_status":"closed","sticky":false,"template":"","format":"standard","meta":{"footnotes":""},"categories":[5],"tags":[],"class_list":["post-2180","post","type-post","status-publish","format-standard","hentry","category-ausstellungen"],"_links":{"self":[{"href":"https:\/\/mitue.de\/index.php?rest_route=\/wp\/v2\/posts\/2180","targetHints":{"allow":["GET"]}}],"collection":[{"href":"https:\/\/mitue.de\/index.php?rest_route=\/wp\/v2\/posts"}],"about":[{"href":"https:\/\/mitue.de\/index.php?rest_route=\/wp\/v2\/types\/post"}],"author":[{"embeddable":true,"href":"https:\/\/mitue.de\/index.php?rest_route=\/wp\/v2\/users\/1"}],"replies":[{"embeddable":true,"href":"https:\/\/mitue.de\/index.php?rest_route=%2Fwp%2Fv2%2Fcomments&post=2180"}],"version-history":[{"count":1,"href":"https:\/\/mitue.de\/index.php?rest_route=\/wp\/v2\/posts\/2180\/revisions"}],"predecessor-version":[{"id":2181,"href":"https:\/\/mitue.de\/index.php?rest_route=\/wp\/v2\/posts\/2180\/revisions\/2181"}],"wp:attachment":[{"href":"https:\/\/mitue.de\/index.php?rest_route=%2Fwp%2Fv2%2Fmedia&parent=2180"}],"wp:term":[{"taxonomy":"category","embeddable":true,"href":"https:\/\/mitue.de\/index.php?rest_route=%2Fwp%2Fv2%2Fcategories&post=2180"},{"taxonomy":"post_tag","embeddable":true,"href":"https:\/\/mitue.de\/index.php?rest_route=%2Fwp%2Fv2%2Ftags&post=2180"}],"curies":[{"name":"wp","href":"https:\/\/api.w.org\/{rel}","templated":true}]}}