{"id":2338,"date":"2011-11-15T18:35:54","date_gmt":"2011-11-15T17:35:54","guid":{"rendered":"http:\/\/mitue.de\/?p=2338"},"modified":"2011-11-15T18:35:54","modified_gmt":"2011-11-15T17:35:54","slug":"freiherr-vom-und-zum-stein","status":"publish","type":"post","link":"https:\/\/mitue.de\/?p=2338","title":{"rendered":"Freiherr vom und zum Stein"},"content":{"rendered":"<p><a href=\"http:\/\/www.flickr.com\/photos\/mitue\/6347311297\/\" title=\"Stein von mitue bei Flickr\"><img loading=\"lazy\" decoding=\"async\" src=\"http:\/\/farm7.static.flickr.com\/6060\/6347311297_05625e989c.jpg\" width=\"500\" height=\"375\" alt=\"Stein\"><\/a><\/p>\n<p><a href=\"http:\/\/www.berliner-stadtplan.com\/poi\/47871_Freiherr-vom-Stein-Steinplatz\">Denkmal Freiherr vom und zum Stein<\/a>  <\/p>\n<blockquote><p>Auf dem Steinplatz steht eine B\u00fcste, die an den Politiker und Reformer <a href=\"http:\/\/de.wikipedia.org\/wiki\/Heinrich_Friedrich_Karl_vom_und_zum_Stein\">Heinrich Friedrich Karl Reichsfreiherr vom und zum Stein<\/a> erinnert. Die B\u00fcste wurde anl\u00e4sslich der 750-Jahr-Feier Berlins an die Stadt \u00fcbergeben. Die Inschrift auf der Tafel lautet. \u201eSitfter der Pr\u00e4sident des Deutschen St\u00e4dtetages f\u00fcr die im Pr\u00e4sidium vertretenen St\u00e4dte zur 750-Jahr-Feier Berlins 30. April 1987\u201c.<br \/>\n Der Feiherr wurde am 25. Oktober 1757 in Nassau an der Lahn (Rheinland-Pfalz) geboren und ist am 29. Juni 1831 auf Schloss Cappenberg (Nordrhein-Westfalen) gestorben.\n <\/p><\/blockquote>\n<p><a href=\"http:\/\/www.flickr.com\/photos\/mitue\/6348121650\/\" title=\"stein3 von mitue bei Flickr\"><img loading=\"lazy\" decoding=\"async\" src=\"http:\/\/farm7.static.flickr.com\/6238\/6348121650_012f8b8edd.jpg\" width=\"500\" height=\"375\" alt=\"stein3\"><\/a><\/p>\n<p><a href=\"http:\/\/www.flickr.com\/photos\/mitue\/6347374287\/\" title=\"stein5 von mitue bei Flickr\"><img loading=\"lazy\" decoding=\"async\" src=\"http:\/\/farm7.static.flickr.com\/6048\/6347374287_dea67ff84f.jpg\" width=\"500\" height=\"375\" alt=\"stein5\"><\/a><\/p>\n<p><a href=\"http:\/\/www.flickr.com\/photos\/mitue\/6348124966\/\" title=\"stein6 von mitue bei Flickr\"><img loading=\"lazy\" decoding=\"async\" src=\"http:\/\/farm7.static.flickr.com\/6049\/6348124966_a602e13589.jpg\" width=\"500\" height=\"340\" alt=\"stein6\"><\/a><\/p>\n","protected":false},"excerpt":{"rendered":"<p>Denkmal Freiherr vom und zum Stein Auf dem Steinplatz steht eine B\u00fcste, die an den Politiker und Reformer Heinrich Friedrich Karl Reichsfreiherr vom und zum Stein erinnert. Die B\u00fcste wurde anl\u00e4sslich der 750-Jahr-Feier Berlins an die Stadt \u00fcbergeben. Die Inschrift auf der Tafel lautet. \u201eSitfter der Pr\u00e4sident des Deutschen St\u00e4dtetages f\u00fcr die im Pr\u00e4sidium vertretenen [&hellip;]<\/p>\n","protected":false},"author":1,"featured_media":0,"comment_status":"open","ping_status":"closed","sticky":false,"template":"","format":"standard","meta":{"footnotes":""},"categories":[3],"tags":[],"class_list":["post-2338","post","type-post","status-publish","format-standard","hentry","category-kunst-im-offentlichen-raum"],"_links":{"self":[{"href":"https:\/\/mitue.de\/index.php?rest_route=\/wp\/v2\/posts\/2338","targetHints":{"allow":["GET"]}}],"collection":[{"href":"https:\/\/mitue.de\/index.php?rest_route=\/wp\/v2\/posts"}],"about":[{"href":"https:\/\/mitue.de\/index.php?rest_route=\/wp\/v2\/types\/post"}],"author":[{"embeddable":true,"href":"https:\/\/mitue.de\/index.php?rest_route=\/wp\/v2\/users\/1"}],"replies":[{"embeddable":true,"href":"https:\/\/mitue.de\/index.php?rest_route=%2Fwp%2Fv2%2Fcomments&post=2338"}],"version-history":[{"count":1,"href":"https:\/\/mitue.de\/index.php?rest_route=\/wp\/v2\/posts\/2338\/revisions"}],"predecessor-version":[{"id":2339,"href":"https:\/\/mitue.de\/index.php?rest_route=\/wp\/v2\/posts\/2338\/revisions\/2339"}],"wp:attachment":[{"href":"https:\/\/mitue.de\/index.php?rest_route=%2Fwp%2Fv2%2Fmedia&parent=2338"}],"wp:term":[{"taxonomy":"category","embeddable":true,"href":"https:\/\/mitue.de\/index.php?rest_route=%2Fwp%2Fv2%2Fcategories&post=2338"},{"taxonomy":"post_tag","embeddable":true,"href":"https:\/\/mitue.de\/index.php?rest_route=%2Fwp%2Fv2%2Ftags&post=2338"}],"curies":[{"name":"wp","href":"https:\/\/api.w.org\/{rel}","templated":true}]}}