{"id":2375,"date":"2011-11-27T18:49:30","date_gmt":"2011-11-27T17:49:30","guid":{"rendered":"http:\/\/mitue.de\/?p=2375"},"modified":"2011-11-27T18:49:30","modified_gmt":"2011-11-27T17:49:30","slug":"rundreliefs-an-der-schleusenbrucke","status":"publish","type":"post","link":"https:\/\/mitue.de\/?p=2375","title":{"rendered":"Rundreliefs an der Schleusenbr\u00fccke"},"content":{"rendered":"<p>Die <a href=\"http:\/\/de.wikipedia.org\/wiki\/Schleusenbr%C3%BCcke_(Berlin)\">Schleusenbr\u00fccke<\/a> \u00fcberspannt in Berlin-Mitte den westlichen Spreearm an der Spreeinsel und verbindet damit den Werderschen Markt mit dem Schlo\u00dfplatz. Der Name der Br\u00fccke geht auf eine fr\u00fchere an dieser Stelle vorhandene Schleuse und den Schleusengraben zur\u00fcck. Sie steht unter Denkmalschutz.<\/p>\n<p><a href=\"http:\/\/www.flickr.com\/photos\/mitue\/6412544759\/\" title=\"1650 von mitue bei Flickr\"><img loading=\"lazy\" decoding=\"async\" src=\"http:\/\/farm7.staticflickr.com\/6098\/6412544759_27208649fe.jpg\" width=\"500\" height=\"375\" alt=\"1650\"><\/a><\/p>\n<p><a href=\"http:\/\/www.flickr.com\/photos\/mitue\/6412547177\/\" title=\"1657 von mitue bei Flickr\"><img loading=\"lazy\" decoding=\"async\" src=\"http:\/\/farm8.staticflickr.com\/7170\/6412547177_5169cf56fb.jpg\" width=\"500\" height=\"375\" alt=\"1657\"><\/a><\/p>\n<p><a href=\"http:\/\/www.flickr.com\/photos\/mitue\/6412537383\/\" title=\"1774 von mitue bei Flickr\"><img loading=\"lazy\" decoding=\"async\" src=\"http:\/\/farm7.staticflickr.com\/6118\/6412537383_2b96136438.jpg\" width=\"500\" height=\"375\" alt=\"1774\"><\/a><\/p>\n<p><a href=\"http:\/\/www.flickr.com\/photos\/mitue\/6412542113\/\" title=\"1688 von mitue bei Flickr\"><img loading=\"lazy\" decoding=\"async\" src=\"http:\/\/farm8.staticflickr.com\/7174\/6412542113_ae450b0b0b.jpg\" width=\"500\" height=\"375\" alt=\"1688\"><\/a><\/p>\n","protected":false},"excerpt":{"rendered":"<p>Die Schleusenbr\u00fccke \u00fcberspannt in Berlin-Mitte den westlichen Spreearm an der Spreeinsel und verbindet damit den Werderschen Markt mit dem Schlo\u00dfplatz. Der Name der Br\u00fccke geht auf eine fr\u00fchere an dieser Stelle vorhandene Schleuse und den Schleusengraben zur\u00fcck. Sie steht unter Denkmalschutz.<\/p>\n","protected":false},"author":1,"featured_media":0,"comment_status":"open","ping_status":"closed","sticky":false,"template":"","format":"standard","meta":{"footnotes":""},"categories":[4],"tags":[178],"class_list":["post-2375","post","type-post","status-publish","format-standard","hentry","category-berlin","tag-brucke"],"_links":{"self":[{"href":"https:\/\/mitue.de\/index.php?rest_route=\/wp\/v2\/posts\/2375","targetHints":{"allow":["GET"]}}],"collection":[{"href":"https:\/\/mitue.de\/index.php?rest_route=\/wp\/v2\/posts"}],"about":[{"href":"https:\/\/mitue.de\/index.php?rest_route=\/wp\/v2\/types\/post"}],"author":[{"embeddable":true,"href":"https:\/\/mitue.de\/index.php?rest_route=\/wp\/v2\/users\/1"}],"replies":[{"embeddable":true,"href":"https:\/\/mitue.de\/index.php?rest_route=%2Fwp%2Fv2%2Fcomments&post=2375"}],"version-history":[{"count":1,"href":"https:\/\/mitue.de\/index.php?rest_route=\/wp\/v2\/posts\/2375\/revisions"}],"predecessor-version":[{"id":2376,"href":"https:\/\/mitue.de\/index.php?rest_route=\/wp\/v2\/posts\/2375\/revisions\/2376"}],"wp:attachment":[{"href":"https:\/\/mitue.de\/index.php?rest_route=%2Fwp%2Fv2%2Fmedia&parent=2375"}],"wp:term":[{"taxonomy":"category","embeddable":true,"href":"https:\/\/mitue.de\/index.php?rest_route=%2Fwp%2Fv2%2Fcategories&post=2375"},{"taxonomy":"post_tag","embeddable":true,"href":"https:\/\/mitue.de\/index.php?rest_route=%2Fwp%2Fv2%2Ftags&post=2375"}],"curies":[{"name":"wp","href":"https:\/\/api.w.org\/{rel}","templated":true}]}}