{"id":2397,"date":"2011-12-05T17:49:14","date_gmt":"2011-12-05T16:49:14","guid":{"rendered":"http:\/\/mitue.de\/?p=2397"},"modified":"2011-12-05T17:49:14","modified_gmt":"2011-12-05T16:49:14","slug":"blumengroshalle","status":"publish","type":"post","link":"https:\/\/mitue.de\/?p=2397","title":{"rendered":"Blumengro\u00dfhalle"},"content":{"rendered":"<p><a href=\"http:\/\/www.flickr.com\/photos\/mitue\/6419739445\/\" title=\"Blumengro\u00dfhandel1 von mitue bei Flickr\"><img loading=\"lazy\" decoding=\"async\" src=\"http:\/\/farm8.staticflickr.com\/7014\/6419739445_18fb72fb12.jpg\" width=\"500\" height=\"347\" alt=\"Blumengro\u00dfhandel1\"><\/a><\/p>\n<blockquote><p>Die Aufgaben des J\u00fcdischen Museums Berlin in den Bereichen Bildung und Forschung sind in den letzten Jahren enorm gewachsen und haben mittlerweile im Museum zu einem akuten Platzmangel gef\u00fchrt. Neue M\u00f6glichkeiten schafft eine geplante Museumserweiterung auf dem gegen\u00fcberliegenden Areal an der Lindenstra\u00dfe: Die dortige Blumengro\u00dfmarkthalle ist seit 2010 frei und kann k\u00fcnftig vom J\u00fcdischen Museum Berlin f\u00fcr seine Bildungsprogramme, Archive, Bibliothek und wissenschaftliche Arbeit genutzt werden. Dank der finanziellen Unterst\u00fctzung des Bundes und privater Spender wird die einstige Gro\u00dfmarkthalle f\u00fcr die Bed\u00fcrfnisse des Museums umgebaut. Gestalten wird die Erweiterung Architekt Daniel Libeskind, der auch den Neubau des J\u00fcdischen Museums Berlin und den Glashof im Altbau-Innenhof entworfen hat.<br \/>\n(mehr <a href=\"http:\/\/www.jmberlin.de\/main\/DE\/04-Rund-ums-Museum\/06-Aktuelles\/00-startseite-aktuelles.php\">hier<\/a>)<\/p><\/blockquote>\n","protected":false},"excerpt":{"rendered":"<p>Die Aufgaben des J\u00fcdischen Museums Berlin in den Bereichen Bildung und Forschung sind in den letzten Jahren enorm gewachsen und haben mittlerweile im Museum zu einem akuten Platzmangel gef\u00fchrt. Neue M\u00f6glichkeiten schafft eine geplante Museumserweiterung auf dem gegen\u00fcberliegenden Areal an der Lindenstra\u00dfe: Die dortige Blumengro\u00dfmarkthalle ist seit 2010 frei und kann k\u00fcnftig vom J\u00fcdischen Museum [&hellip;]<\/p>\n","protected":false},"author":1,"featured_media":0,"comment_status":"open","ping_status":"closed","sticky":false,"template":"","format":"standard","meta":{"footnotes":""},"categories":[4],"tags":[11,448,445],"class_list":["post-2397","post","type-post","status-publish","format-standard","hentry","category-berlin","tag-architektur","tag-daniel-libeskind","tag-judisches-museum"],"_links":{"self":[{"href":"https:\/\/mitue.de\/index.php?rest_route=\/wp\/v2\/posts\/2397","targetHints":{"allow":["GET"]}}],"collection":[{"href":"https:\/\/mitue.de\/index.php?rest_route=\/wp\/v2\/posts"}],"about":[{"href":"https:\/\/mitue.de\/index.php?rest_route=\/wp\/v2\/types\/post"}],"author":[{"embeddable":true,"href":"https:\/\/mitue.de\/index.php?rest_route=\/wp\/v2\/users\/1"}],"replies":[{"embeddable":true,"href":"https:\/\/mitue.de\/index.php?rest_route=%2Fwp%2Fv2%2Fcomments&post=2397"}],"version-history":[{"count":1,"href":"https:\/\/mitue.de\/index.php?rest_route=\/wp\/v2\/posts\/2397\/revisions"}],"predecessor-version":[{"id":2398,"href":"https:\/\/mitue.de\/index.php?rest_route=\/wp\/v2\/posts\/2397\/revisions\/2398"}],"wp:attachment":[{"href":"https:\/\/mitue.de\/index.php?rest_route=%2Fwp%2Fv2%2Fmedia&parent=2397"}],"wp:term":[{"taxonomy":"category","embeddable":true,"href":"https:\/\/mitue.de\/index.php?rest_route=%2Fwp%2Fv2%2Fcategories&post=2397"},{"taxonomy":"post_tag","embeddable":true,"href":"https:\/\/mitue.de\/index.php?rest_route=%2Fwp%2Fv2%2Ftags&post=2397"}],"curies":[{"name":"wp","href":"https:\/\/api.w.org\/{rel}","templated":true}]}}