{"id":2519,"date":"2012-01-26T18:07:54","date_gmt":"2012-01-26T17:07:54","guid":{"rendered":"http:\/\/mitue.de\/?p=2519"},"modified":"2012-01-26T18:07:54","modified_gmt":"2012-01-26T17:07:54","slug":"guggenheim-labor-kommt-nach-kreuzberg","status":"publish","type":"post","link":"https:\/\/mitue.de\/?p=2519","title":{"rendered":"Guggenheim-Labor kommt nach Kreuzberg"},"content":{"rendered":"<p><a href=\"http:\/\/www.flickr.com\/photos\/mitue\/3356568927\/\" title=\"Auf dem Weg ins B\u00fcro von mitue bei Flickr\"><img loading=\"lazy\" decoding=\"async\" src=\"http:\/\/farm4.staticflickr.com\/3447\/3356568927_8924be4b6b.jpg\" width=\"500\" height=\"333\" alt=\"Auf dem Weg ins B\u00fcro\"><\/a><\/p>\n<p>Am 24. Mai ist es soweit, die Zeit ist knapp und trotzdem: Das tempor\u00e4re <a href=\"http:\/\/www.bmwguggenheimlab.org\/\">Forschungslabor<\/a> aus New York wechselt \u00fcberraschend den Standort: vom Pfefferberg im Prenzlauer Berg auf eine Brache an der Spree in Kreuzberg, ungef\u00e4hr dorthin, wo die Couch steht:<\/p>\n<p><a href=\"http:\/\/www.flickr.com\/photos\/mitue\/5343572458\/\" title=\"Cuvry3 von mitue bei Flickr\"><img loading=\"lazy\" decoding=\"async\" src=\"http:\/\/farm6.staticflickr.com\/5004\/5343572458_9f92c0b591.jpg\" width=\"500\" height=\"335\" alt=\"Cuvry3\"><\/a><\/p>\n<blockquote><p>Doch f\u00fcr die Kuratoren des BMW-Guggenheim Lab &#8230; ist der Pfefferberg nicht mehr der geeignete Ort f\u00fcr das Projekt. Er ist schlicht zu klein, es fehlt der Platz. Stattdessen werden die Kuratoren ihr 250 Quadratmeter gro\u00dfes Freiluftlabor auf einer riesigen Brache in Kreuzberg errichten, Schlesische Stra\u00dfe, Ecke Cuvrystra\u00dfe, also direkt an der Spree, nahe Oberbaumbr\u00fccke. \u201eDort gibt es mehr M\u00f6glichkeiten f\u00fcr ein offenes Programm\u201c, sagt Thomas Girst, Leiter der BMW-Kulturabteilung.<br \/>\n(mehr <a href=\"http:\/\/www.berliner-zeitung.de\/berlin\/ideenschmiede-zieht-um-kreuzberg-bietet-guggenheim-mehr-platz,10809148,11513646.html\">hier<\/a>)<\/p><\/blockquote>\n<p><a href=\"http:\/\/www.flickr.com\/photos\/mitue\/5343575128\/\" title=\"Cuvry5 von mitue bei Flickr\"><img loading=\"lazy\" decoding=\"async\" src=\"http:\/\/farm6.staticflickr.com\/5047\/5343575128_4b4d00e5c7.jpg\" width=\"500\" height=\"335\" alt=\"Cuvry5\"><\/a><\/p>\n","protected":false},"excerpt":{"rendered":"<p>Am 24. Mai ist es soweit, die Zeit ist knapp und trotzdem: Das tempor\u00e4re Forschungslabor aus New York wechselt \u00fcberraschend den Standort: vom Pfefferberg im Prenzlauer Berg auf eine Brache an der Spree in Kreuzberg, ungef\u00e4hr dorthin, wo die Couch steht: Doch f\u00fcr die Kuratoren des BMW-Guggenheim Lab &#8230; ist der Pfefferberg nicht mehr der [&hellip;]<\/p>\n","protected":false},"author":1,"featured_media":0,"comment_status":"open","ping_status":"closed","sticky":false,"template":"","format":"standard","meta":{"footnotes":""},"categories":[5],"tags":[],"class_list":["post-2519","post","type-post","status-publish","format-standard","hentry","category-ausstellungen"],"_links":{"self":[{"href":"https:\/\/mitue.de\/index.php?rest_route=\/wp\/v2\/posts\/2519","targetHints":{"allow":["GET"]}}],"collection":[{"href":"https:\/\/mitue.de\/index.php?rest_route=\/wp\/v2\/posts"}],"about":[{"href":"https:\/\/mitue.de\/index.php?rest_route=\/wp\/v2\/types\/post"}],"author":[{"embeddable":true,"href":"https:\/\/mitue.de\/index.php?rest_route=\/wp\/v2\/users\/1"}],"replies":[{"embeddable":true,"href":"https:\/\/mitue.de\/index.php?rest_route=%2Fwp%2Fv2%2Fcomments&post=2519"}],"version-history":[{"count":1,"href":"https:\/\/mitue.de\/index.php?rest_route=\/wp\/v2\/posts\/2519\/revisions"}],"predecessor-version":[{"id":2520,"href":"https:\/\/mitue.de\/index.php?rest_route=\/wp\/v2\/posts\/2519\/revisions\/2520"}],"wp:attachment":[{"href":"https:\/\/mitue.de\/index.php?rest_route=%2Fwp%2Fv2%2Fmedia&parent=2519"}],"wp:term":[{"taxonomy":"category","embeddable":true,"href":"https:\/\/mitue.de\/index.php?rest_route=%2Fwp%2Fv2%2Fcategories&post=2519"},{"taxonomy":"post_tag","embeddable":true,"href":"https:\/\/mitue.de\/index.php?rest_route=%2Fwp%2Fv2%2Ftags&post=2519"}],"curies":[{"name":"wp","href":"https:\/\/api.w.org\/{rel}","templated":true}]}}