{"id":2542,"date":"2012-02-07T19:35:44","date_gmt":"2012-02-07T18:35:44","guid":{"rendered":"http:\/\/mitue.de\/?p=2542"},"modified":"2012-02-07T19:36:55","modified_gmt":"2012-02-07T18:36:55","slug":"erkaltungsrisiko","status":"publish","type":"post","link":"https:\/\/mitue.de\/?p=2542","title":{"rendered":"Erk\u00e4ltungsrisiko"},"content":{"rendered":"<p><a href=\"http:\/\/www.flickr.com\/photos\/mitue\/6836732841\/\" title=\"erkalten von mitue bei Flickr\"><img loading=\"lazy\" decoding=\"async\" src=\"http:\/\/farm8.staticflickr.com\/7017\/6836732841_477d25a8b2.jpg\" width=\"500\" height=\"333\" alt=\"erkalten\"><\/a><\/p>\n<blockquote><p><b>Risiko<\/b><\/p>\n<p>Statt da\u00df ich gem\u00fctlich im Warmen sitze,<br \/>\nGehe ich bei Schneeregen und Wind,<br \/>\nLaufe tief gebeugt ohne M\u00fctze,<br \/>\nDie Augen verkniffen, wie blind,<br \/>\nKopflos, ein Brett vor der Birne,<br \/>\nInnerlich zerrissen, gespalten,<br \/>\nSehne ich mich und z\u00fcrne<br \/>\nUnd riskier, mich zu erkalten.<\/p>\n<p>(J\u00fcrgen Berlin)<\/p><\/blockquote>\n<p><a href=\"http:\/\/www.flickr.com\/photos\/mitue\/6836834795\/\" title=\"Bauzaun von mitue bei Flickr\"><img loading=\"lazy\" decoding=\"async\" src=\"http:\/\/farm8.staticflickr.com\/7147\/6836834795_a06db4a0e9.jpg\" width=\"500\" height=\"333\" alt=\"Bauzaun\"><\/a><\/p>\n","protected":false},"excerpt":{"rendered":"<p>Risiko Statt da\u00df ich gem\u00fctlich im Warmen sitze, Gehe ich bei Schneeregen und Wind, Laufe tief gebeugt ohne M\u00fctze, Die Augen verkniffen, wie blind, Kopflos, ein Brett vor der Birne, Innerlich zerrissen, gespalten, Sehne ich mich und z\u00fcrne Und riskier, mich zu erkalten. (J\u00fcrgen Berlin)<\/p>\n","protected":false},"author":1,"featured_media":0,"comment_status":"open","ping_status":"closed","sticky":false,"template":"","format":"standard","meta":{"footnotes":""},"categories":[3],"tags":[315,237],"class_list":["post-2542","post","type-post","status-publish","format-standard","hentry","category-kunst-im-offentlichen-raum","tag-jurgen-berlin","tag-lyrik"],"_links":{"self":[{"href":"https:\/\/mitue.de\/index.php?rest_route=\/wp\/v2\/posts\/2542","targetHints":{"allow":["GET"]}}],"collection":[{"href":"https:\/\/mitue.de\/index.php?rest_route=\/wp\/v2\/posts"}],"about":[{"href":"https:\/\/mitue.de\/index.php?rest_route=\/wp\/v2\/types\/post"}],"author":[{"embeddable":true,"href":"https:\/\/mitue.de\/index.php?rest_route=\/wp\/v2\/users\/1"}],"replies":[{"embeddable":true,"href":"https:\/\/mitue.de\/index.php?rest_route=%2Fwp%2Fv2%2Fcomments&post=2542"}],"version-history":[{"count":2,"href":"https:\/\/mitue.de\/index.php?rest_route=\/wp\/v2\/posts\/2542\/revisions"}],"predecessor-version":[{"id":2544,"href":"https:\/\/mitue.de\/index.php?rest_route=\/wp\/v2\/posts\/2542\/revisions\/2544"}],"wp:attachment":[{"href":"https:\/\/mitue.de\/index.php?rest_route=%2Fwp%2Fv2%2Fmedia&parent=2542"}],"wp:term":[{"taxonomy":"category","embeddable":true,"href":"https:\/\/mitue.de\/index.php?rest_route=%2Fwp%2Fv2%2Fcategories&post=2542"},{"taxonomy":"post_tag","embeddable":true,"href":"https:\/\/mitue.de\/index.php?rest_route=%2Fwp%2Fv2%2Ftags&post=2542"}],"curies":[{"name":"wp","href":"https:\/\/api.w.org\/{rel}","templated":true}]}}