{"id":261,"date":"2008-11-09T19:35:31","date_gmt":"2008-11-09T18:35:31","guid":{"rendered":"http:\/\/mitue.de\/?p=261"},"modified":"2008-11-09T19:35:31","modified_gmt":"2008-11-09T18:35:31","slug":"berliner-bar","status":"publish","type":"post","link":"https:\/\/mitue.de\/?p=261","title":{"rendered":"Berliner B\u00e4r"},"content":{"rendered":"<blockquote><p>Es steht fest, dass der <a href=\"http:\/\/www.berliner-baer.de\/\">Berliner B\u00e4r<\/a> ununterbrochen seit 1280 im Siegel oder Wappen erscheint. Genaue Angaben wurden aber damals nicht aufgeschrieben oder sind verloren gegangen und daher ist die R\u00fcckf\u00fchrung des Namens auf das Tier bzw. auf Albrecht den B\u00e4ren in der Forschung heute umstritten.Jedoch hat der Naturforscher Dr. Theodor Zell festgestellt, dass genau an den Stellen, an denen C\u00f6lln und Berlin an den Armen der Spree entstanden sind, ein gro\u00dfer Wildwechselort an der Furt lag. Dr. Zell glaubt, dass also das Tier, der B\u00e4r, ausschlaggebend f\u00fcr den Namen war.<br \/>\n(Wikipedia zum <a href=\"http:\/\/de.wikipedia.org\/wiki\/Berliner_B%C3%A4r\">Berliner B\u00e4ren<\/a>)<\/p><\/blockquote>\n<p><a title=\"Berliner B\u00e4r am Roten Rathaus by mitue, on Flickr\" href=\"http:\/\/www.flickr.com\/photos\/mitue\/3015426206\/\"><img loading=\"lazy\" decoding=\"async\" src=\"http:\/\/farm4.static.flickr.com\/3056\/3015426206_8fa4b1a756.jpg\" border=\"0\" alt=\"Berliner B\u00e4r am Roten Rathaus\" width=\"500\" height=\"334\" \/><\/a><\/p>\n<blockquote><p>Das <a href=\"http:\/\/de.wikipedia.org\/wiki\/Wappen_Berlins#B.C3.A4r_gegen_Adler\">Wappen des Landes und der Stadt Berlin<\/a> zeigen den Berliner B\u00e4ren. Der B\u00e4r war nicht von Anbeginn das Symbol der Stadt, er musste sich seinen Platz erst \u201eerk\u00e4mpfen\u201c. \u00dcber mehrere Jahrhunderte teilte sich der B\u00e4r die Siegel- und Wappenbilder mit dem brandenburgischen und preu\u00dfischen Adler.<\/p><\/blockquote>\n","protected":false},"excerpt":{"rendered":"<p>Es steht fest, dass der Berliner B\u00e4r ununterbrochen seit 1280 im Siegel oder Wappen erscheint. Genaue Angaben wurden aber damals nicht aufgeschrieben oder sind verloren gegangen und daher ist die R\u00fcckf\u00fchrung des Namens auf das Tier bzw. auf Albrecht den B\u00e4ren in der Forschung heute umstritten.Jedoch hat der Naturforscher Dr. Theodor Zell festgestellt, dass genau [&hellip;]<\/p>\n","protected":false},"author":1,"featured_media":0,"comment_status":"open","ping_status":"open","sticky":false,"template":"","format":"standard","meta":{"footnotes":""},"categories":[4],"tags":[],"class_list":["post-261","post","type-post","status-publish","format-standard","hentry","category-berlin"],"_links":{"self":[{"href":"https:\/\/mitue.de\/index.php?rest_route=\/wp\/v2\/posts\/261","targetHints":{"allow":["GET"]}}],"collection":[{"href":"https:\/\/mitue.de\/index.php?rest_route=\/wp\/v2\/posts"}],"about":[{"href":"https:\/\/mitue.de\/index.php?rest_route=\/wp\/v2\/types\/post"}],"author":[{"embeddable":true,"href":"https:\/\/mitue.de\/index.php?rest_route=\/wp\/v2\/users\/1"}],"replies":[{"embeddable":true,"href":"https:\/\/mitue.de\/index.php?rest_route=%2Fwp%2Fv2%2Fcomments&post=261"}],"version-history":[{"count":0,"href":"https:\/\/mitue.de\/index.php?rest_route=\/wp\/v2\/posts\/261\/revisions"}],"wp:attachment":[{"href":"https:\/\/mitue.de\/index.php?rest_route=%2Fwp%2Fv2%2Fmedia&parent=261"}],"wp:term":[{"taxonomy":"category","embeddable":true,"href":"https:\/\/mitue.de\/index.php?rest_route=%2Fwp%2Fv2%2Fcategories&post=261"},{"taxonomy":"post_tag","embeddable":true,"href":"https:\/\/mitue.de\/index.php?rest_route=%2Fwp%2Fv2%2Ftags&post=261"}],"curies":[{"name":"wp","href":"https:\/\/api.w.org\/{rel}","templated":true}]}}