{"id":2650,"date":"2012-03-25T17:34:51","date_gmt":"2012-03-25T16:34:51","guid":{"rendered":"http:\/\/mitue.de\/?p=2650"},"modified":"2012-03-25T17:34:51","modified_gmt":"2012-03-25T16:34:51","slug":"emmauskirchhof","status":"publish","type":"post","link":"https:\/\/mitue.de\/?p=2650","title":{"rendered":"Emmauskirchhof"},"content":{"rendered":"<blockquote><p>Die andere H\u00fcrde &#8211; Bereitstellung eines Friedhofs &#8211; wurde genommen, indem die Gemeindeorgane von St. Thomas am 18. Juni 1886 beschlossen, der neu zu gr\u00fcndenden Gemeinde eine Abfindungssumme von 100.000 Mark &#8222;zum Zwecke der Erwerbung eines eigenen Kirchhofs&#8220; zu zahlen. Ein Beschlu\u00df, den die Gemeindevertreter wohl nur mit Z\u00e4hneknirschen gefa\u00dft haben m\u00f6gen, denn noch Jahre sp\u00e4ter klagen die Synodalen von St. Thomas dar\u00fcber, wie sehr diese Abfindung die Gemeinde in Finanzn\u00f6te gebracht habe. Emmaus erwarb dann tats\u00e4chlich innerhalb ungew\u00f6hnlich kurzer Zeit &#8211; schon im April 1888 &#8211; eigenes Friedhofsland: einmal 6,522 ha &#8222;von dem Landwirth Otto Gustav Franz Niemetz zu Rixdorf&#8220; zum Preise von 80.465 Mark und 6,416 ha &#8222;von den Eheleuten Bauer Friedrich Wilhelm Lehmann und Auguste Regine, geh. Fuhrmann zu Rixdorf&#8220; zum Preis von 90.460 Mark. Bereits am 18. November 1888 wurde der Kirchhof mit der ersten Bestattung feierlich seiner Bestimmung \u00fcbergeben.<br \/>\n(mehr <a href=\"http:\/\/www.emmaus.de\/chronik\/hausbau1.html\">hier<\/a>)<\/p><\/blockquote>\n<p><a href=\"http:\/\/www.flickr.com\/photos\/mitue\/6868259252\/\" title=\"Grauenhorst von mitue bei Flickr\"><img loading=\"lazy\" decoding=\"async\" src=\"http:\/\/farm7.staticflickr.com\/6110\/6868259252_d9b54021b3.jpg\" width=\"500\" height=\"333\" alt=\"Grauenhorst\"><\/a><\/p>\n<p>Grabst\u00e4tte Grauenhorst auf dem <a href=\"http:\/\/www.hartwig-w.de\/friedhof\/_sonstig\/0804.htm\">Emmauskirchhof<\/a><br \/>\nPaul Grauenhorst (1845 &#8211; 1906) war der erste Pfarrer der Emmaus-Gemeinde.<br \/>\nDas Portr\u00e4t-Tondo ist wahrscheinlich von <a href=\"http:\/\/www.quedlinburgweb.de\/qlb\/quedlinburger\/prof-anders.htm\">Richard Anders<\/a> (1853 &#8211; 1917).<\/p>\n<p><a href=\"http:\/\/www.flickr.com\/photos\/mitue\/7011251951\/\" title=\"verschlossen von mitue bei Flickr\"><img loading=\"lazy\" decoding=\"async\" src=\"http:\/\/farm8.staticflickr.com\/7062\/7011251951_f708c8982d.jpg\" width=\"500\" height=\"356\" alt=\"verschlossen\"><\/a><\/p>\n<p><a href=\"http:\/\/www.flickr.com\/photos\/mitue\/6867499162\/\" title=\"Rostbl\u00fcte von mitue bei Flickr\"><img loading=\"lazy\" decoding=\"async\" src=\"http:\/\/farm8.staticflickr.com\/7193\/6867499162_3ea04c7dc0.jpg\" width=\"500\" height=\"333\" alt=\"Rostbl\u00fcte\"><\/a><\/p>\n","protected":false},"excerpt":{"rendered":"<p>Die andere H\u00fcrde &#8211; Bereitstellung eines Friedhofs &#8211; wurde genommen, indem die Gemeindeorgane von St. Thomas am 18. Juni 1886 beschlossen, der neu zu gr\u00fcndenden Gemeinde eine Abfindungssumme von 100.000 Mark &#8222;zum Zwecke der Erwerbung eines eigenen Kirchhofs&#8220; zu zahlen. Ein Beschlu\u00df, den die Gemeindevertreter wohl nur mit Z\u00e4hneknirschen gefa\u00dft haben m\u00f6gen, denn noch Jahre [&hellip;]<\/p>\n","protected":false},"author":1,"featured_media":0,"comment_status":"open","ping_status":"closed","sticky":false,"template":"","format":"standard","meta":{"footnotes":""},"categories":[4],"tags":[14],"class_list":["post-2650","post","type-post","status-publish","format-standard","hentry","category-berlin","tag-friedhof"],"_links":{"self":[{"href":"https:\/\/mitue.de\/index.php?rest_route=\/wp\/v2\/posts\/2650","targetHints":{"allow":["GET"]}}],"collection":[{"href":"https:\/\/mitue.de\/index.php?rest_route=\/wp\/v2\/posts"}],"about":[{"href":"https:\/\/mitue.de\/index.php?rest_route=\/wp\/v2\/types\/post"}],"author":[{"embeddable":true,"href":"https:\/\/mitue.de\/index.php?rest_route=\/wp\/v2\/users\/1"}],"replies":[{"embeddable":true,"href":"https:\/\/mitue.de\/index.php?rest_route=%2Fwp%2Fv2%2Fcomments&post=2650"}],"version-history":[{"count":1,"href":"https:\/\/mitue.de\/index.php?rest_route=\/wp\/v2\/posts\/2650\/revisions"}],"predecessor-version":[{"id":2651,"href":"https:\/\/mitue.de\/index.php?rest_route=\/wp\/v2\/posts\/2650\/revisions\/2651"}],"wp:attachment":[{"href":"https:\/\/mitue.de\/index.php?rest_route=%2Fwp%2Fv2%2Fmedia&parent=2650"}],"wp:term":[{"taxonomy":"category","embeddable":true,"href":"https:\/\/mitue.de\/index.php?rest_route=%2Fwp%2Fv2%2Fcategories&post=2650"},{"taxonomy":"post_tag","embeddable":true,"href":"https:\/\/mitue.de\/index.php?rest_route=%2Fwp%2Fv2%2Ftags&post=2650"}],"curies":[{"name":"wp","href":"https:\/\/api.w.org\/{rel}","templated":true}]}}