{"id":2656,"date":"2012-03-28T18:27:43","date_gmt":"2012-03-28T17:27:43","guid":{"rendered":"http:\/\/mitue.de\/?p=2656"},"modified":"2012-03-28T18:45:33","modified_gmt":"2012-03-28T17:45:33","slug":"musikalischer-dichter","status":"publish","type":"post","link":"https:\/\/mitue.de\/?p=2656","title":{"rendered":"Musikalischer Dichter"},"content":{"rendered":"<p><a href=\"http:\/\/www.flickr.com\/photos\/mitue\/6878247810\/\" title=\"Konzert am 22. April 2012 von mitue bei Flickr\"><img loading=\"lazy\" decoding=\"async\" src=\"http:\/\/farm7.staticflickr.com\/6108\/6878247810_dc8cb2c31e.jpg\" width=\"345\" height=\"500\" alt=\"Konzert am 22. April 2012\"><\/a><\/p>\n<blockquote><p><b>Dichter<\/b><\/p>\n<p>Ich hab schon lange nichts mehr geschrieben<br \/>\nUnd sollte mir langsam Sorgen machen.<br \/>\nWo ist meine Kreativit\u00e4t geblieben?<br \/>\nOder kann ich auch mal dr\u00fcber lachen?<br \/>\nEin Text, ein Lied, mir abgerungen,<br \/>\nBringt manchen Gewinn, auch unbenannt:<br \/>\nSehr sch\u00f6n, grandios, wirklich gelungen.<br \/>\nVorausgesetzt, es wird bekannt.<br \/>\nOder man nimmt es sp\u00f6ttisch auf:<br \/>\nNicht so viel Pathos, bisschen schlichter.<br \/>\nOder absch\u00e4tzig gar, setzt noch einen drauf:<br \/>\nEin sp\u00e4t berufener Laiendichter.<br \/>\nNoch schlimmer ist, es nicht zu beachten.<br \/>\nTut man nur so, ist man im Hader?<br \/>\nAls Dichter und Denker den betrachten?<br \/>\nDer hat doch f\u00fcr Lyrik \u00fcberhaupt keine Ader.<br \/>\nSind abgestumpft, gehen blind durchs Leben,<br \/>\nOder sind einfach noch viel zu jung,<br \/>\nDas wird sich sp\u00e4ter vielleicht geben,<br \/>\nManchmal gelingt ein Quantensprung.<br \/>\nAm allerschlimmsten aber ist<br \/>\nSelbstzweifel an meinen Sachen.<br \/>\nHat mich die Muse je gek\u00fc\u00dft?<br \/>\nOder kann ich auch mal dr\u00fcber lachen?<\/p>\n<p>(J\u00fcrgen Berlin)<\/p><\/blockquote>\n","protected":false},"excerpt":{"rendered":"<p>Dichter Ich hab schon lange nichts mehr geschrieben Und sollte mir langsam Sorgen machen. Wo ist meine Kreativit\u00e4t geblieben? Oder kann ich auch mal dr\u00fcber lachen? Ein Text, ein Lied, mir abgerungen, Bringt manchen Gewinn, auch unbenannt: Sehr sch\u00f6n, grandios, wirklich gelungen. Vorausgesetzt, es wird bekannt. Oder man nimmt es sp\u00f6ttisch auf: Nicht so viel [&hellip;]<\/p>\n","protected":false},"author":1,"featured_media":0,"comment_status":"open","ping_status":"closed","sticky":false,"template":"","format":"standard","meta":{"footnotes":""},"categories":[4],"tags":[315,237],"class_list":["post-2656","post","type-post","status-publish","format-standard","hentry","category-berlin","tag-jurgen-berlin","tag-lyrik"],"_links":{"self":[{"href":"https:\/\/mitue.de\/index.php?rest_route=\/wp\/v2\/posts\/2656","targetHints":{"allow":["GET"]}}],"collection":[{"href":"https:\/\/mitue.de\/index.php?rest_route=\/wp\/v2\/posts"}],"about":[{"href":"https:\/\/mitue.de\/index.php?rest_route=\/wp\/v2\/types\/post"}],"author":[{"embeddable":true,"href":"https:\/\/mitue.de\/index.php?rest_route=\/wp\/v2\/users\/1"}],"replies":[{"embeddable":true,"href":"https:\/\/mitue.de\/index.php?rest_route=%2Fwp%2Fv2%2Fcomments&post=2656"}],"version-history":[{"count":2,"href":"https:\/\/mitue.de\/index.php?rest_route=\/wp\/v2\/posts\/2656\/revisions"}],"predecessor-version":[{"id":2658,"href":"https:\/\/mitue.de\/index.php?rest_route=\/wp\/v2\/posts\/2656\/revisions\/2658"}],"wp:attachment":[{"href":"https:\/\/mitue.de\/index.php?rest_route=%2Fwp%2Fv2%2Fmedia&parent=2656"}],"wp:term":[{"taxonomy":"category","embeddable":true,"href":"https:\/\/mitue.de\/index.php?rest_route=%2Fwp%2Fv2%2Fcategories&post=2656"},{"taxonomy":"post_tag","embeddable":true,"href":"https:\/\/mitue.de\/index.php?rest_route=%2Fwp%2Fv2%2Ftags&post=2656"}],"curies":[{"name":"wp","href":"https:\/\/api.w.org\/{rel}","templated":true}]}}