{"id":2682,"date":"2012-04-08T17:34:14","date_gmt":"2012-04-08T16:34:14","guid":{"rendered":"http:\/\/mitue.de\/?p=2682"},"modified":"2012-04-08T17:34:14","modified_gmt":"2012-04-08T16:34:14","slug":"baselitz-in-der-villa-schoningen","status":"publish","type":"post","link":"https:\/\/mitue.de\/?p=2682","title":{"rendered":"Baselitz in der Villa Sch\u00f6ningen"},"content":{"rendered":"<p>\u201eBaselitz aus der Sammlung Baselitz &#8211; Die Berliner Jahre\u201c \u2013 <a href=\"http:\/\/www.artnet.de\/magazine\/fotostrecke-georg-baselitzeroffnung-in-der-villa-schoningen-potsdam\/\">Villa Sch\u00f6ningen<\/a>. <br \/>Vom 4. Februar bis 1. August 2012<\/p>\n<p><a href=\"http:\/\/www.flickr.com\/photos\/mitue\/6911110746\/\" title=\"Dach von mitue bei Flickr\"><img loading=\"lazy\" decoding=\"async\" src=\"http:\/\/farm6.staticflickr.com\/5194\/6911110746_e13436e265.jpg\" width=\"500\" height=\"352\" alt=\"Dach\"><\/a><\/p>\n<blockquote><p>21 zum Teil bislang noch nie \u00f6ffentlich gezeigte fr\u00fche Werke von Georg Baselitz sind &#8230; in der Villa Sch\u00f6ningen in Potsdam zu sehen. Sie stammen haupts\u00e4chlich aus den Anfangsjahren des K\u00fcnstlers in Berlin, wo er von 1956 bis 1962 studierte. \u201eEs lag an meiner Sch\u00fcchternheit und Scham. Ich war mir nicht sicher, ob sie etwas taugen\u201c, begr\u00fcndete der gerade 74 Jahre alt gewordene Baselitz seine Entscheidung, \u00fcber Jahrzehnte diese Gem\u00e4lde aus seinem Privatbesitz nicht \u00f6ffentlich zu pr\u00e4sentieren.<br \/>\n(mehr <a href=\"http:\/\/www.pnn.de\/potsdam-kultur\/619691\/\">hier<\/a>)<\/p><\/blockquote>\n<p><a href=\"http:\/\/www.flickr.com\/photos\/mitue\/7057188643\/\" title=\"Blick von der Villa Sch\u00f6ningen von mitue bei Flickr\"><img loading=\"lazy\" decoding=\"async\" src=\"http:\/\/farm6.staticflickr.com\/5076\/7057188643_7a91e27310.jpg\" width=\"500\" height=\"325\" alt=\"Blick von der Villa Sch\u00f6ningen\"><\/a><\/p>\n<blockquote><p>Skandale geh\u00f6ren zur Kunstrezeption wie das Pigment zur Farbe. Der Skandal zeigte, auch in diesem Fall, dass Baselitz einen Nerv getroffen hatte. Der Skandal ist eine andere Form von Kompliment.<br \/>\n(mehr <a href=\"http:\/\/www.artnet.de\/magazine\/interview-mit-mathias-dopfner-georg-baselitz-in-der-villa-schoningen\/\">hier<\/a>)<\/p><\/blockquote>\n<p><a href=\"http:\/\/www.flickr.com\/photos\/mitue\/6911127504\/\" title=\"Spaz013_05 von mitue bei Flickr\"><img loading=\"lazy\" decoding=\"async\" src=\"http:\/\/farm6.staticflickr.com\/5195\/6911127504_f253426652.jpg\" width=\"500\" height=\"333\" alt=\"Spaz013_05\"><\/a><br \/>\nNike, Wieland F\u00f6rster<\/p>\n","protected":false},"excerpt":{"rendered":"<p>\u201eBaselitz aus der Sammlung Baselitz &#8211; Die Berliner Jahre\u201c \u2013 Villa Sch\u00f6ningen. Vom 4. Februar bis 1. August 2012 21 zum Teil bislang noch nie \u00f6ffentlich gezeigte fr\u00fche Werke von Georg Baselitz sind &#8230; in der Villa Sch\u00f6ningen in Potsdam zu sehen. Sie stammen haupts\u00e4chlich aus den Anfangsjahren des K\u00fcnstlers in Berlin, wo er von [&hellip;]<\/p>\n","protected":false},"author":1,"featured_media":0,"comment_status":"open","ping_status":"closed","sticky":false,"template":"","format":"standard","meta":{"footnotes":""},"categories":[5],"tags":[211,79,488],"class_list":["post-2682","post","type-post","status-publish","format-standard","hentry","category-ausstellungen","tag-georg-baselitz","tag-potsdam","tag-villa-schoningen"],"_links":{"self":[{"href":"https:\/\/mitue.de\/index.php?rest_route=\/wp\/v2\/posts\/2682","targetHints":{"allow":["GET"]}}],"collection":[{"href":"https:\/\/mitue.de\/index.php?rest_route=\/wp\/v2\/posts"}],"about":[{"href":"https:\/\/mitue.de\/index.php?rest_route=\/wp\/v2\/types\/post"}],"author":[{"embeddable":true,"href":"https:\/\/mitue.de\/index.php?rest_route=\/wp\/v2\/users\/1"}],"replies":[{"embeddable":true,"href":"https:\/\/mitue.de\/index.php?rest_route=%2Fwp%2Fv2%2Fcomments&post=2682"}],"version-history":[{"count":1,"href":"https:\/\/mitue.de\/index.php?rest_route=\/wp\/v2\/posts\/2682\/revisions"}],"predecessor-version":[{"id":2683,"href":"https:\/\/mitue.de\/index.php?rest_route=\/wp\/v2\/posts\/2682\/revisions\/2683"}],"wp:attachment":[{"href":"https:\/\/mitue.de\/index.php?rest_route=%2Fwp%2Fv2%2Fmedia&parent=2682"}],"wp:term":[{"taxonomy":"category","embeddable":true,"href":"https:\/\/mitue.de\/index.php?rest_route=%2Fwp%2Fv2%2Fcategories&post=2682"},{"taxonomy":"post_tag","embeddable":true,"href":"https:\/\/mitue.de\/index.php?rest_route=%2Fwp%2Fv2%2Ftags&post=2682"}],"curies":[{"name":"wp","href":"https:\/\/api.w.org\/{rel}","templated":true}]}}