{"id":2690,"date":"2012-04-12T17:58:51","date_gmt":"2012-04-12T16:58:51","guid":{"rendered":"http:\/\/mitue.de\/?p=2690"},"modified":"2012-04-12T18:01:03","modified_gmt":"2012-04-12T17:01:03","slug":"muhleninsel-brucke","status":"publish","type":"post","link":"https:\/\/mitue.de\/?p=2690","title":{"rendered":"M\u00fchleninsel-Br\u00fccke"},"content":{"rendered":"<p><a title=\"Froschmann von mitue bei Flickr\" href=\"http:\/\/www.flickr.com\/photos\/mitue\/561089535\/\"><img loading=\"lazy\" decoding=\"async\" src=\"http:\/\/farm2.staticflickr.com\/1113\/561089535_73f6fe22f8.jpg\" alt=\"Froschmann\" width=\"500\" height=\"334\" \/><\/a><\/p>\n<p>Bald kommt man trockenen Fu\u00dfes zur M\u00fchleninsel: <a href=\"http:\/\/www.kolbripke.de\/projekte01_muehleninselbruecke.html\">M\u00fchleninsel-Br\u00fccke<\/a><\/p>\n<p><a title=\"Fr\u00fchling? von mitue bei Flickr\" href=\"http:\/\/www.flickr.com\/photos\/mitue\/5439220502\/\"><img loading=\"lazy\" decoding=\"async\" src=\"http:\/\/farm5.staticflickr.com\/4102\/5439220502_9bac4fb2b8.jpg\" alt=\"Fr\u00fchling?\" width=\"500\" height=\"333\" \/><\/a><\/p>\n<blockquote><p>Es war still geworden um den geplanten und viel diskutierten Bau einer Br\u00fccke zur M\u00fchleninsel in K\u00f6nigs Wusterhausen. Doch nun wird es ernst. [Anfang April] haben die Bauarbeiten f\u00fcr die neue Verbindung zwischen Bahnhofstra\u00dfe und M\u00fchleninsel begonnen. Schr\u00e4g gegen\u00fcber vom Wurst-Imbiss werden in den n\u00e4chsten Tagen einzelne B\u00e4ume entfernt und B\u00fcsche umgesetzt, um Platz und Baufreiheit zu schaffen.<br \/>\n(mehr <a href=\"http:\/\/www.maerkischeallgemeine.de\/cms\/beitrag\/12305291\/62129\/Die-lang-ersehnte-Verbindung-zwischen-City-und-Muehleninsel.html\">hier<\/a>)<\/p><\/blockquote>\n<p><a title=\"Gr\u00fcne Notte von mitue bei Flickr\" href=\"http:\/\/www.flickr.com\/photos\/mitue\/219279855\/\"><img loading=\"lazy\" decoding=\"async\" src=\"http:\/\/farm1.staticflickr.com\/85\/219279855_42e23a2557.jpg\" alt=\"Gr\u00fcne Notte\" width=\"500\" height=\"333\" \/><\/a><\/p>\n","protected":false},"excerpt":{"rendered":"<p>Bald kommt man trockenen Fu\u00dfes zur M\u00fchleninsel: M\u00fchleninsel-Br\u00fccke Es war still geworden um den geplanten und viel diskutierten Bau einer Br\u00fccke zur M\u00fchleninsel in K\u00f6nigs Wusterhausen. Doch nun wird es ernst. [Anfang April] haben die Bauarbeiten f\u00fcr die neue Verbindung zwischen Bahnhofstra\u00dfe und M\u00fchleninsel begonnen. Schr\u00e4g gegen\u00fcber vom Wurst-Imbiss werden in den n\u00e4chsten Tagen einzelne [&hellip;]<\/p>\n","protected":false},"author":1,"featured_media":0,"comment_status":"open","ping_status":"closed","sticky":false,"template":"","format":"standard","meta":{"footnotes":""},"categories":[27],"tags":[72],"class_list":["post-2690","post","type-post","status-publish","format-standard","hentry","category-berliner-umgebung","tag-konigs-wusterhausen"],"_links":{"self":[{"href":"https:\/\/mitue.de\/index.php?rest_route=\/wp\/v2\/posts\/2690","targetHints":{"allow":["GET"]}}],"collection":[{"href":"https:\/\/mitue.de\/index.php?rest_route=\/wp\/v2\/posts"}],"about":[{"href":"https:\/\/mitue.de\/index.php?rest_route=\/wp\/v2\/types\/post"}],"author":[{"embeddable":true,"href":"https:\/\/mitue.de\/index.php?rest_route=\/wp\/v2\/users\/1"}],"replies":[{"embeddable":true,"href":"https:\/\/mitue.de\/index.php?rest_route=%2Fwp%2Fv2%2Fcomments&post=2690"}],"version-history":[{"count":2,"href":"https:\/\/mitue.de\/index.php?rest_route=\/wp\/v2\/posts\/2690\/revisions"}],"predecessor-version":[{"id":2692,"href":"https:\/\/mitue.de\/index.php?rest_route=\/wp\/v2\/posts\/2690\/revisions\/2692"}],"wp:attachment":[{"href":"https:\/\/mitue.de\/index.php?rest_route=%2Fwp%2Fv2%2Fmedia&parent=2690"}],"wp:term":[{"taxonomy":"category","embeddable":true,"href":"https:\/\/mitue.de\/index.php?rest_route=%2Fwp%2Fv2%2Fcategories&post=2690"},{"taxonomy":"post_tag","embeddable":true,"href":"https:\/\/mitue.de\/index.php?rest_route=%2Fwp%2Fv2%2Ftags&post=2690"}],"curies":[{"name":"wp","href":"https:\/\/api.w.org\/{rel}","templated":true}]}}