{"id":2694,"date":"2012-04-13T17:46:41","date_gmt":"2012-04-13T16:46:41","guid":{"rendered":"http:\/\/mitue.de\/?p=2694"},"modified":"2012-04-13T17:46:41","modified_gmt":"2012-04-13T16:46:41","slug":"der-himmel-uber-berlin","status":"publish","type":"post","link":"https:\/\/mitue.de\/?p=2694","title":{"rendered":"Der Himmel \u00fcber Berlin"},"content":{"rendered":"<p><a href=\"http:\/\/www.flickr.com\/photos\/mitue\/6927968834\/\" title=\"Triptychon von mitue bei Flickr\"><img loading=\"lazy\" decoding=\"async\" src=\"http:\/\/farm8.staticflickr.com\/7096\/6927968834_701e47dd37.jpg\" width=\"500\" height=\"340\" alt=\"Triptychon\"><\/a><\/p>\n<blockquote><p>\u201eDer Himmel \u00fcber Berlin ist nicht teilbar\u201c. Den Satz notierte die Malerin <a href=\"http:\/\/de.wikipedia.org\/wiki\/Annemirl_Bauer\">Annemirl Bauer<\/a> 1980 zu ihrem bewegenden Altarbild. Sie nannte es einfach nur \u201eTriptychon\u201c und hatte sich gew\u00fcnscht, dass es in der Marienkirche am Alex h\u00e4ngen sollte, gerade weil es ein Ankauf des Magistrats gewesen ist. Nat\u00fcrlich gelangte der Altar niemals an den Ort, f\u00fcr den er gemalt war. Und auch sonst hing er nirgendwo in der \u00d6ffentlichkeit, genauso wenig wie die anderen Bilder.<br \/>\n(I. Ruthe <a href=\"http:\/\/www.berliner-zeitung.de\/kultur\/ausstellung-der-himmel-ist-nicht-teilbar,10809150,14797412.html\">hier<\/a>)\n<\/p><\/blockquote>\n<p><a href=\"http:\/\/www.flickr.com\/photos\/mitue\/6927970818\/\" title=\"Annemirl Bauer von mitue bei Flickr\"><img loading=\"lazy\" decoding=\"async\" src=\"http:\/\/farm8.staticflickr.com\/7104\/6927970818_297020db7f.jpg\" width=\"500\" height=\"333\" alt=\"Annemirl Bauer\"><\/a><\/p>\n","protected":false},"excerpt":{"rendered":"<p>\u201eDer Himmel \u00fcber Berlin ist nicht teilbar\u201c. Den Satz notierte die Malerin Annemirl Bauer 1980 zu ihrem bewegenden Altarbild. Sie nannte es einfach nur \u201eTriptychon\u201c und hatte sich gew\u00fcnscht, dass es in der Marienkirche am Alex h\u00e4ngen sollte, gerade weil es ein Ankauf des Magistrats gewesen ist. Nat\u00fcrlich gelangte der Altar niemals an den Ort, [&hellip;]<\/p>\n","protected":false},"author":1,"featured_media":0,"comment_status":"open","ping_status":"closed","sticky":false,"template":"","format":"standard","meta":{"footnotes":""},"categories":[5],"tags":[],"class_list":["post-2694","post","type-post","status-publish","format-standard","hentry","category-ausstellungen"],"_links":{"self":[{"href":"https:\/\/mitue.de\/index.php?rest_route=\/wp\/v2\/posts\/2694","targetHints":{"allow":["GET"]}}],"collection":[{"href":"https:\/\/mitue.de\/index.php?rest_route=\/wp\/v2\/posts"}],"about":[{"href":"https:\/\/mitue.de\/index.php?rest_route=\/wp\/v2\/types\/post"}],"author":[{"embeddable":true,"href":"https:\/\/mitue.de\/index.php?rest_route=\/wp\/v2\/users\/1"}],"replies":[{"embeddable":true,"href":"https:\/\/mitue.de\/index.php?rest_route=%2Fwp%2Fv2%2Fcomments&post=2694"}],"version-history":[{"count":1,"href":"https:\/\/mitue.de\/index.php?rest_route=\/wp\/v2\/posts\/2694\/revisions"}],"predecessor-version":[{"id":2695,"href":"https:\/\/mitue.de\/index.php?rest_route=\/wp\/v2\/posts\/2694\/revisions\/2695"}],"wp:attachment":[{"href":"https:\/\/mitue.de\/index.php?rest_route=%2Fwp%2Fv2%2Fmedia&parent=2694"}],"wp:term":[{"taxonomy":"category","embeddable":true,"href":"https:\/\/mitue.de\/index.php?rest_route=%2Fwp%2Fv2%2Fcategories&post=2694"},{"taxonomy":"post_tag","embeddable":true,"href":"https:\/\/mitue.de\/index.php?rest_route=%2Fwp%2Fv2%2Ftags&post=2694"}],"curies":[{"name":"wp","href":"https:\/\/api.w.org\/{rel}","templated":true}]}}